{"id":100,"date":"2012-11-08T02:11:32","date_gmt":"2012-11-08T00:11:32","guid":{"rendered":"http:\/\/heimatmuseum-tersteegenhaus.de\/?p=100"},"modified":"2014-01-29T01:27:39","modified_gmt":"2014-01-28T23:27:39","slug":"tersteegenhaus-nachrichten-nr-32012","status":"publish","type":"post","link":"https:\/\/heimatmuseum-tersteegenhaus.de\/?p=100","title":{"rendered":"<span style=\"color: #003333;\">TERSTEEGENHAUS-Nachrichten Nr. 3\/2012<span style=\"color: #003333;\">"},"content":{"rendered":"<h2><span style=\"color: #003333;\"><strong>Mitwirkung auch am Adventsmarkt 2012 in der Altstadt<\/strong><\/span><\/h2>\n<p>Mit gro\u00dfem Erfolg beteiligten sich beim traditionsreichen Adventsmarkt 2011 in der Altstadt \u00fcber 40%\u00a0 (!) der Mitglieder des Freundes- und F\u00f6rderkreises Heimatmuseum Tersteegenhaus M\u00fclheim an der Ruhr e.V..<br \/>\nDas ruft nach Wiederholung und ermutigt, auch am Adventsmarkt 2012 &#8211; mit erweiterten \u00d6ffnungszeiten, mit zus\u00e4tzlichen F\u00fchrungen und bei der Aufsicht im Heimatmuseum an den Advents-Wochenenden<\/p>\n<ul>\n<li>30.11.-02.12.2012,<\/li>\n<li>07.-09.12.2012 und<\/li>\n<li>14.-16.12.2012,<\/li>\n<li>jeweils freitags bis sonntags 16-20 Uhr,<\/li>\n<\/ul>\n<p>mitzumachen und wieder die Voraussetzung f\u00fcr einen \u201eb\u00e4renstarken\u201c Besuch des Heimatmuseums w\u00e4hrend des Adventmarktes zu schaffen.<br \/>\nDaher der Appell des Vorstandes des Freundes- und F\u00f6rderkreises Heimatmuseum Tersteegenhaus an Sie pers\u00f6nlich: Helfen Sie in der bew\u00e4hrten Weise mit ! Wir bitten Sie daher ganz herzlich, sich f\u00fcr Aufsichten und\/oder F\u00fchrungen im Heimatmuseum \u201eschichtweise\u201c zu bestimmten Zeiten zur Verf\u00fcgung zu stellen !<br \/>\nMeldungen bitte bei unserem Vorstandsmitglied Heinz Hohensee:<br \/>\nTel.-Nr. 38 04 30<\/p>\n<p><span style=\"color: #003333;\"><strong>Im \u00fcbrigen:<\/strong><\/span><\/p>\n<p>Auch mit Unterst\u00fctzung unseres Vorstandsmitgliedes Dr. Hans Fischer wird dar\u00fcber hinaus f\u00fcr ein \u201eadventliches\u201c Musik-Begleitpro-gramm w\u00e4hrend der erweiterten \u00d6ffnungszeiten w\u00e4hrend des Adventsmarktes 2012 gesorgt.<\/p>\n<p>Weitere Einzelheiten zum \u201eRahmenprogramm\u201c werden noch bekannt gegeben.<\/p>\n<p><span style=\"color: #003333;\"><strong>\u00d6ffentlicher B\u00fccherschrank:<\/strong><\/span><\/p>\n<p>Mit Unterst\u00fctzung unseres Vorstandsmitgliedes Cornelia Schwabe ist es gelungen, auf Initiative der RWE das Projekt zur Aufstellung eines \u201e\u00f6ffentlichen B\u00fccherschrankes\u201c auch nach M\u00fclheim an der Ruhr zu holen. Bis Ende dieses Jahres soll dieser B\u00fccherschrank auf dem Siegfried-Reda-Platz (nahe Heimatmuseum und Mausefalle) installiert werden. Zuk\u00fcnftig k\u00f6nnen dann B\u00fccherfreunde B\u00fccher kostenfrei entnehmen, auch eigene B\u00fccher einstellen oder austauschen.<br \/>\nF\u00fcr die Betreuung dieses neuen \u201e\u00f6ffentlichen B\u00fccherschrankes\u201c hat sich der Freundes- und F\u00f6rderkreis und insbesondere Heinz Hohensee bereit erkl\u00e4rt. Wir freuen uns jedenfalls zusammen mit dem Sponsor RWE auf dieses \u201eExperiment\u201c in M\u00fclheim an der Ruhr.<\/p>\n<p><span style=\"color: #003333;\"><strong>Die Zahl der Freunde und F\u00f6rderer &#8230;<\/strong><\/span><\/p>\n<p>&#8230; des Heimatmuseums Tersteegenhaus M\u00fclheim an der Ruhr ist weiter gewachsen: Zur Zeit haben 59 M\u00fclheimerinnen und M\u00fclheimer den Beitritt zu unserem Freundes- und F\u00f6rderkreis erkl\u00e4rt.<br \/>\nAn dieser Stelle eine herzliche Bitte: Unser Freundes- und F\u00f6rderkreis m\u00f6chte noch weitere Freunde und F\u00f6rderer willkommen hei\u00dfen.<br \/>\nWer also noch den eine(n) oder andere(n) Unterst\u00fctzer(in) des Heimatmuseums kennt &#8230;<\/p>\n<p>Da das Finanzamt M\u00fclheim an der Ruhr unseren Verein \u2013 mit Bescheid vom 21. Juni 2011 &#8211; als gemeinn\u00fctzig anerkannte, erhalten alle Mitglieder und Freunde des Freundes- und F\u00f6rderkreises zuk\u00fcnftig f\u00fcr ihre Spenden (nicht: Mitgliedsbeitrag) eine Spendenbescheinigung, die sie beim Finanzamt im Rahmen ihrer Steuererkl\u00e4rung geltend machen (k\u00f6nnen).<\/p>\n<p>F\u00fcr R\u00fcckfragen stehen die Vorstandsmitglieder des Freundes- und F\u00f6rderkreises Heimatmuseum Tersteegenhaus M\u00fclheim an der Ruhr e.V. gerne zur Verf\u00fcgung.<\/p>\n","protected":false},"excerpt":{"rendered":"<p>Mitwirkung auch am Adventsmarkt 2012 in der Altstadt Mit gro\u00dfem Erfolg beteiligten sich beim traditionsreichen Adventsmarkt 2011 in der Altstadt \u00fcber 40%\u00a0 (!) der Mitglieder des Freundes- und F\u00f6rderkreises Heimatmuseum Tersteegenhaus M\u00fclheim an der Ruhr e.V.. Das ruft nach Wiederholung &hellip; <a href=\"https:\/\/heimatmuseum-tersteegenhaus.de\/?p=100\">Weiterlesen <span class=\"meta-nav\">&rarr;<\/span><\/a><\/p>\n","protected":false},"author":1,"featured_media":0,"comment_status":"open","ping_status":"open","sticky":false,"template":"","format":"standard","meta":{"footnotes":""},"categories":[4],"tags":[],"class_list":["post-100","post","type-post","status-publish","format-standard","hentry","category-nachrichten"],"_links":{"self":[{"href":"https:\/\/heimatmuseum-tersteegenhaus.de\/index.php?rest_route=\/wp\/v2\/posts\/100"}],"collection":[{"href":"https:\/\/heimatmuseum-tersteegenhaus.de\/index.php?rest_route=\/wp\/v2\/posts"}],"about":[{"href":"https:\/\/heimatmuseum-tersteegenhaus.de\/index.php?rest_route=\/wp\/v2\/types\/post"}],"author":[{"embeddable":true,"href":"https:\/\/heimatmuseum-tersteegenhaus.de\/index.php?rest_route=\/wp\/v2\/users\/1"}],"replies":[{"embeddable":true,"href":"https:\/\/heimatmuseum-tersteegenhaus.de\/index.php?rest_route=%2Fwp%2Fv2%2Fcomments&post=100"}],"version-history":[{"count":4,"href":"https:\/\/heimatmuseum-tersteegenhaus.de\/index.php?rest_route=\/wp\/v2\/posts\/100\/revisions"}],"predecessor-version":[{"id":156,"href":"https:\/\/heimatmuseum-tersteegenhaus.de\/index.php?rest_route=\/wp\/v2\/posts\/100\/revisions\/156"}],"wp:attachment":[{"href":"https:\/\/heimatmuseum-tersteegenhaus.de\/index.php?rest_route=%2Fwp%2Fv2%2Fmedia&parent=100"}],"wp:term":[{"taxonomy":"category","embeddable":true,"href":"https:\/\/heimatmuseum-tersteegenhaus.de\/index.php?rest_route=%2Fwp%2Fv2%2Fcategories&post=100"},{"taxonomy":"post_tag","embeddable":true,"href":"https:\/\/heimatmuseum-tersteegenhaus.de\/index.php?rest_route=%2Fwp%2Fv2%2Ftags&post=100"}],"curies":[{"name":"wp","href":"https:\/\/api.w.org\/{rel}","templated":true}]}}