{"id":226,"date":"2013-07-18T07:09:06","date_gmt":"2013-07-18T05:09:06","guid":{"rendered":"http:\/\/heimatmuseum-tersteegenhaus.de\/?p=226"},"modified":"2014-02-11T05:06:51","modified_gmt":"2014-02-11T03:06:51","slug":"tersteegenhaus-nachrichten-nr-52013","status":"publish","type":"post","link":"https:\/\/heimatmuseum-tersteegenhaus.de\/?p=226","title":{"rendered":"<span style=\"color: #003333;\">TERSTEEGENHAUS-Nachrichten Nr. 5\/2013<span style=\"color: #003333;\">"},"content":{"rendered":"<p><strong>Jahreshauptversammlung 2013 des Freundes- und F\u00f6rderkreises<\/strong><\/p>\n<p>Rund 30% der Mitglieder und Freunde des Freundes- und F\u00f6rderkreises Heimatmuseum Tersteegenhaus kamen zur diesj\u00e4hrigen Jahreshauptversammlung am 11. M\u00e4rz d.J. in den \u201eK\u00f6lner Hof\u201c.\u00a0 Der Vorsitzende, B\u00fcrgermeister Markus P\u00fcll, zog zun\u00e4chst eine Bilanz \u00fcber die Jahresaktivit\u00e4ten 2012 und berichtete \u00fcber die Planungen des Vorstandes f\u00fcr 2013, insbesondere zum \u201eTag des offenen Denkmals\u201c und zum Adventsmarkt 2013. Im Anschluss fand eine angeregte Diskussion \u00fcber das Arbeitsprogramm 2013 statt, in der seitens der anwesenden Mitglieder zahlreiche Anregungen und Hinweise gegeben wurden.<br \/>\nNach Abgabe des Kassenberichtes 2012 durch Schatzmeisterin Cornelia Schwabe informierte Kassenpr\u00fcfer Thomas Niel \u00fcber die stattgefundene Kassenpr\u00fcfung, in der keine Beanstandungen festgestellt wurde. So konnte die Entlastung der Schatzmeisterin bzw. des Vorstandes f\u00fcr 2012 beantragt und einstimmig erteilt werden.<\/p>\n<p><strong><span style=\"color: #000000;\">Tag des offenen Denkmals am 08. September 2013<\/span><\/strong><\/p>\n<p>Auch in diesem Jahr wird anl\u00e4sslich des \u201eTages des offenen Denkmals\u201c, diesmal am 08. September, das Heimatmuseum Tersteegenhaus von 10-18 Uhr\u00a0 ge\u00f6ffnet sein. Im Rahmenprogramm sind F\u00fchrungen durch das Vorstandsmitglied Heinz Hohensee f\u00fcr 11.00 Uhr und 15.00 Uhr vorgesehen. Ab 15.00 Uhr winken den Besucherinnen und Besuchern \u201egesponserter\u201c Kaffee und Kuchen, bei gutem Wetter im Museumsgarten. Auch diesmal sind wieder die Nachbarn und Freunde des Heimatmuseums Tersteegenhaus zum 2. Nachbarschaftstreff herzlich eingeladen.<br \/>\nIhre Mitwirkung, bei Aufsicht und F\u00fchrungen, ist auch an diesem Tag sehr willkommen. Wer mithelfen m\u00f6chte, melde sich bitte bei\u00a0 unserem Vorstandsmitglied Heinz Hohensee, Tel. 02 08\/38 04 30 !<\/p>\n<p><strong>Mitgliederentwicklung<\/strong><\/p>\n<p>Zur Zeit sind 59 M\u00fclheimerinnen und M\u00fclheimer Mitglied im Freundes- und F\u00f6rderkreis. In den letzten Monaten konnte die Bewegung nach oben nicht mehr fortgesetzt werden.<br \/>\nUnser Freundes- und F\u00f6rderkreis k\u00f6nnte Verst\u00e4rkung durch weitere Freunde und F\u00f6rderer gut gebrauchen. Deshalb an dieser Stelle die herzliche Bitte: Werben Sie noch den eine(n) oder andere(n) Unterst\u00fctzer(in) f\u00fcr das Heimatmuseums Tersteegenhaus !<\/p>\n","protected":false},"excerpt":{"rendered":"<p>Jahreshauptversammlung 2013 des Freundes- und F\u00f6rderkreises Rund 30% der Mitglieder und Freunde des Freundes- und F\u00f6rderkreises Heimatmuseum Tersteegenhaus kamen zur diesj\u00e4hrigen Jahreshauptversammlung am 11. M\u00e4rz d.J. in den \u201eK\u00f6lner Hof\u201c.\u00a0 Der Vorsitzende, B\u00fcrgermeister Markus P\u00fcll, zog zun\u00e4chst eine Bilanz \u00fcber &hellip; <a href=\"https:\/\/heimatmuseum-tersteegenhaus.de\/?p=226\">Weiterlesen <span class=\"meta-nav\">&rarr;<\/span><\/a><\/p>\n","protected":false},"author":1,"featured_media":0,"comment_status":"open","ping_status":"open","sticky":false,"template":"","format":"standard","meta":{"footnotes":""},"categories":[1],"tags":[],"class_list":["post-226","post","type-post","status-publish","format-standard","hentry","category-allgemein"],"_links":{"self":[{"href":"https:\/\/heimatmuseum-tersteegenhaus.de\/index.php?rest_route=\/wp\/v2\/posts\/226"}],"collection":[{"href":"https:\/\/heimatmuseum-tersteegenhaus.de\/index.php?rest_route=\/wp\/v2\/posts"}],"about":[{"href":"https:\/\/heimatmuseum-tersteegenhaus.de\/index.php?rest_route=\/wp\/v2\/types\/post"}],"author":[{"embeddable":true,"href":"https:\/\/heimatmuseum-tersteegenhaus.de\/index.php?rest_route=\/wp\/v2\/users\/1"}],"replies":[{"embeddable":true,"href":"https:\/\/heimatmuseum-tersteegenhaus.de\/index.php?rest_route=%2Fwp%2Fv2%2Fcomments&post=226"}],"version-history":[{"count":3,"href":"https:\/\/heimatmuseum-tersteegenhaus.de\/index.php?rest_route=\/wp\/v2\/posts\/226\/revisions"}],"predecessor-version":[{"id":256,"href":"https:\/\/heimatmuseum-tersteegenhaus.de\/index.php?rest_route=\/wp\/v2\/posts\/226\/revisions\/256"}],"wp:attachment":[{"href":"https:\/\/heimatmuseum-tersteegenhaus.de\/index.php?rest_route=%2Fwp%2Fv2%2Fmedia&parent=226"}],"wp:term":[{"taxonomy":"category","embeddable":true,"href":"https:\/\/heimatmuseum-tersteegenhaus.de\/index.php?rest_route=%2Fwp%2Fv2%2Fcategories&post=226"},{"taxonomy":"post_tag","embeddable":true,"href":"https:\/\/heimatmuseum-tersteegenhaus.de\/index.php?rest_route=%2Fwp%2Fv2%2Ftags&post=226"}],"curies":[{"name":"wp","href":"https:\/\/api.w.org\/{rel}","templated":true}]}}