{"id":316,"date":"2014-09-03T17:34:02","date_gmt":"2014-09-03T15:34:02","guid":{"rendered":"http:\/\/heimatmuseum-tersteegenhaus.de\/?p=316"},"modified":"2014-09-04T00:38:42","modified_gmt":"2014-09-03T22:38:42","slug":"tag-des-offenen-denkmals-14-09-2014-heimatmuseum-tersteegenhaus-geoeffnet","status":"publish","type":"post","link":"https:\/\/heimatmuseum-tersteegenhaus.de\/?p=316","title":{"rendered":"<span style=\"color: #003333;\">Tag des offenen Denkmals 14.09.2014: Heimatmuseum Tersteegenhaus ge\u00f6ffnet<span style=\"color: #003333;\">"},"content":{"rendered":"<p><strong>Ab 15.00 Uhr eine Lesung aus der \u201eKortum-Jobsiade\u201c durch\u00a0Schauspielerin und Theaterp\u00e4dagogin Barbara Schmidt<\/strong><\/p>\n<p><strong><\/strong><em>Auch in diesem Jahr ist das Heimatmuseum Tersteegenhaus wieder einer der M\u00fclheimer Schaupl\u00e4tze\u201c beim bundesweit organisierten <strong>\u201eTag des offenen Denkmals\u201c am 14. September 2014.<\/strong><\/em><\/p>\n<p>So ist das Heimatmuseum f\u00fcr Besucher am zweiten September-Sonntag von <strong>10.00 bis 17.00 Uhr ge\u00f6ffnet<\/strong>.<br \/>\nF\u00fcr <strong>Extra-F\u00fchrungen<\/strong> durch das Heimatmuseum steht Heinz Hohensee um <strong>11.00 Uhr<\/strong> und auf Anfrage \u201ebereit\u201c.<br \/>\nEin besonderes Highlight ist an diesem \u201eTag des offenen Denkmals 2014\u201c\u00a0 ab <strong>15.00 Uhr<\/strong> eine <strong>Lesung<\/strong> der Schauspielerin und Theaterp\u00e4dagogin Barbara Schmidt <strong>aus der \u201eJobsiade\u201c<\/strong> des ber\u00fchmten <strong>M\u00fclheimers Carl Arnold Kortum<\/strong> (1745-1824). Dieses grotesk-komische \u201eHeldengedicht\u201c in Knittelversen ist das bekannteste Werk von Kortum. Es schildert die Lebensgeschichte eines verbummelten Theologiestudenten als Satire auf das deutsche Spie\u00dfertum der damaligen Zeit und wurde 1874 von Wilhelm Busch illustriert. Bereits zu Lebzeiten des Verfassers hatte die Jobsiade gro\u00dfen Erfolg und noch heute sind einzelne Stellen und Kapitel daraus im deutschen Humor fest verankert und erfreuen immer noch das Publikum.<\/p>\n<p><em>F.d.R.<\/em><br \/>\n<em>Hansgeorg Schiemer<\/em><br \/>\n<em>&#8211; Gesch\u00e4ftsf\u00fchrer &#8211;<\/em><\/p>\n","protected":false},"excerpt":{"rendered":"<p>Ab 15.00 Uhr eine Lesung aus der \u201eKortum-Jobsiade\u201c durch\u00a0Schauspielerin und Theaterp\u00e4dagogin Barbara Schmidt Auch in diesem Jahr ist das Heimatmuseum Tersteegenhaus wieder einer der M\u00fclheimer Schaupl\u00e4tze\u201c beim bundesweit organisierten \u201eTag des offenen Denkmals\u201c am 14. September 2014. So ist das &hellip; <a href=\"https:\/\/heimatmuseum-tersteegenhaus.de\/?p=316\">Weiterlesen <span class=\"meta-nav\">&rarr;<\/span><\/a><\/p>\n","protected":false},"author":1,"featured_media":0,"comment_status":"open","ping_status":"open","sticky":false,"template":"","format":"standard","meta":{"footnotes":""},"categories":[1],"tags":[],"class_list":["post-316","post","type-post","status-publish","format-standard","hentry","category-allgemein"],"_links":{"self":[{"href":"https:\/\/heimatmuseum-tersteegenhaus.de\/index.php?rest_route=\/wp\/v2\/posts\/316"}],"collection":[{"href":"https:\/\/heimatmuseum-tersteegenhaus.de\/index.php?rest_route=\/wp\/v2\/posts"}],"about":[{"href":"https:\/\/heimatmuseum-tersteegenhaus.de\/index.php?rest_route=\/wp\/v2\/types\/post"}],"author":[{"embeddable":true,"href":"https:\/\/heimatmuseum-tersteegenhaus.de\/index.php?rest_route=\/wp\/v2\/users\/1"}],"replies":[{"embeddable":true,"href":"https:\/\/heimatmuseum-tersteegenhaus.de\/index.php?rest_route=%2Fwp%2Fv2%2Fcomments&post=316"}],"version-history":[{"count":4,"href":"https:\/\/heimatmuseum-tersteegenhaus.de\/index.php?rest_route=\/wp\/v2\/posts\/316\/revisions"}],"predecessor-version":[{"id":318,"href":"https:\/\/heimatmuseum-tersteegenhaus.de\/index.php?rest_route=\/wp\/v2\/posts\/316\/revisions\/318"}],"wp:attachment":[{"href":"https:\/\/heimatmuseum-tersteegenhaus.de\/index.php?rest_route=%2Fwp%2Fv2%2Fmedia&parent=316"}],"wp:term":[{"taxonomy":"category","embeddable":true,"href":"https:\/\/heimatmuseum-tersteegenhaus.de\/index.php?rest_route=%2Fwp%2Fv2%2Fcategories&post=316"},{"taxonomy":"post_tag","embeddable":true,"href":"https:\/\/heimatmuseum-tersteegenhaus.de\/index.php?rest_route=%2Fwp%2Fv2%2Ftags&post=316"}],"curies":[{"name":"wp","href":"https:\/\/api.w.org\/{rel}","templated":true}]}}