{"id":335,"date":"2014-11-24T22:35:42","date_gmt":"2014-11-24T20:35:42","guid":{"rendered":"http:\/\/heimatmuseum-tersteegenhaus.de\/?p=335"},"modified":"2014-11-24T22:43:18","modified_gmt":"2014-11-24T20:43:18","slug":"adventsmarkt-2014-heimatmuseum-geoeffnet","status":"publish","type":"post","link":"https:\/\/heimatmuseum-tersteegenhaus.de\/?p=335","title":{"rendered":"<span style=\"color: #003333;\">Adventsmarkt 2014: Heimatmuseum ge\u00f6ffnet<span style=\"color: #003333;\">"},"content":{"rendered":"<h2><span style=\"color: #003333;\"><strong>Heimatmuseum ist wieder w\u00e4hrend des Adventsmarktes 2014 f\u00fcr die M\u00fclheimer B\u00fcrger und Interessenten offen !<\/strong><\/span><\/h2>\n<p><em>Die Freunde und F\u00f6rderer des Heimatmuseums Tersteegenhaus bieten auch dieses Jahr wieder ein interessantes Programm w\u00e4hrend des Adventsmarktes in der M\u00fclheimer Altstadt<br \/>\n<\/em><\/p>\n<p>So ist das Heimatmuseum Tersteegenhaus an den vier Advents-Wochenenden, startend am Freitag, 28. November, bis zum Schlusstag, dem Sonntag, 21. Dezember, jeweils von freitags bis sonntags, 16.00 \u2013 20.00 Uhr, insgesamt an 48 Stunden zus\u00e4tzlich f\u00fcr die Besucherinnen und Besucher auch des Adventsmarktes ge\u00f6ffnet. M\u00f6glich machen dies viele ehrenamtliche Helfer unter den Mitgliedern des Freundes- und F\u00f6rderkreises Heimatmuseum Tersteegenhaus.<\/p>\n<h2><span style=\"color: #003333;\"><strong>Beiprogramm mit Ebeler Frauenchor und Gemischten Chor<\/strong><\/span><\/h2>\n<p>Aber es gibt auch ein kleines Beiprogramm w\u00e4hrend der erweiterten \u00d6ffnungszeiten an den Advents-Wochenenden: Mit Unterst\u00fctzung der Neuapostolischen Kirchengemeinde in M\u00fclheim an der Ruhr werden vor dem Heimatmuseum am Samstag, 29. November, ab 16.30 Uhr der Ebeler Frauenchor und am folgenden Samstag, 6. Dezember, ebenfalls ab 16.30 Uhr der Gemischte Chor viele bekannte Weihnachtslieder und auch das eine oder andere Tersteegenlied vortragen und damit f\u00fcr vorweihnachtliche Stimmung sorgen.<\/p>\n<h2><span style=\"color: #003333;\"><strong>Lesung am 21. Dezember<\/strong><\/span><\/h2>\n<p>Des Weiteren konnte erneut die Schauspielerin und Theaterp\u00e4dagogin Barbara Schmidt f\u00fcr eine Lesung aus der \u201eJobsiade\u201c, dem bekanntesten Werk des M\u00fclheimer Arztes Carl Arnold Kortum (1745-1824), gewonnen werden. Die Lesung, kostenfrei f\u00fcr die Besucherinnen und Besucher, findet am letzten Adventsmarkts-Tag, am Sonntag, 21. Dezember, ab 15.00 Uhr, im Heimatmuseum Tersteegenhaus statt.<\/p>\n<p>F\u00f6rderkreis-Vorsitzender Markus P\u00fcll: \u201eWir freuen uns, mit vereinten ehrenamtlichen Kr\u00e4ften erneut an den vier Advents-Wochenenden 2014 das Heimatmuseum Tersteegenhaus vor allem f\u00fcr Besucher des \u201ebenachbarten\u201c Adventsmarktes in der M\u00fclheimer Altstadt \u00f6ffnen zu k\u00f6nnen. Damit kann wieder ein St\u00fcck Tradition und Heimat erlebbar gemacht und nahbar werden.\u201c<\/p>\n<p>F.d.R.<br \/>\nHansgeorg Schiemer<br \/>\n&#8211; Gesch\u00e4ftsf\u00fchrer &#8211;<br \/>\n25.11.2014<\/p>\n","protected":false},"excerpt":{"rendered":"<p>Heimatmuseum ist wieder w\u00e4hrend des Adventsmarktes 2014 f\u00fcr die M\u00fclheimer B\u00fcrger und Interessenten offen ! Die Freunde und F\u00f6rderer des Heimatmuseums Tersteegenhaus bieten auch dieses Jahr wieder ein interessantes Programm w\u00e4hrend des Adventsmarktes in der M\u00fclheimer Altstadt So ist das &hellip; <a href=\"https:\/\/heimatmuseum-tersteegenhaus.de\/?p=335\">Weiterlesen <span class=\"meta-nav\">&rarr;<\/span><\/a><\/p>\n","protected":false},"author":1,"featured_media":0,"comment_status":"open","ping_status":"open","sticky":false,"template":"","format":"standard","meta":{"footnotes":""},"categories":[1],"tags":[],"class_list":["post-335","post","type-post","status-publish","format-standard","hentry","category-allgemein"],"_links":{"self":[{"href":"https:\/\/heimatmuseum-tersteegenhaus.de\/index.php?rest_route=\/wp\/v2\/posts\/335"}],"collection":[{"href":"https:\/\/heimatmuseum-tersteegenhaus.de\/index.php?rest_route=\/wp\/v2\/posts"}],"about":[{"href":"https:\/\/heimatmuseum-tersteegenhaus.de\/index.php?rest_route=\/wp\/v2\/types\/post"}],"author":[{"embeddable":true,"href":"https:\/\/heimatmuseum-tersteegenhaus.de\/index.php?rest_route=\/wp\/v2\/users\/1"}],"replies":[{"embeddable":true,"href":"https:\/\/heimatmuseum-tersteegenhaus.de\/index.php?rest_route=%2Fwp%2Fv2%2Fcomments&post=335"}],"version-history":[{"count":4,"href":"https:\/\/heimatmuseum-tersteegenhaus.de\/index.php?rest_route=\/wp\/v2\/posts\/335\/revisions"}],"predecessor-version":[{"id":339,"href":"https:\/\/heimatmuseum-tersteegenhaus.de\/index.php?rest_route=\/wp\/v2\/posts\/335\/revisions\/339"}],"wp:attachment":[{"href":"https:\/\/heimatmuseum-tersteegenhaus.de\/index.php?rest_route=%2Fwp%2Fv2%2Fmedia&parent=335"}],"wp:term":[{"taxonomy":"category","embeddable":true,"href":"https:\/\/heimatmuseum-tersteegenhaus.de\/index.php?rest_route=%2Fwp%2Fv2%2Fcategories&post=335"},{"taxonomy":"post_tag","embeddable":true,"href":"https:\/\/heimatmuseum-tersteegenhaus.de\/index.php?rest_route=%2Fwp%2Fv2%2Ftags&post=335"}],"curies":[{"name":"wp","href":"https:\/\/api.w.org\/{rel}","templated":true}]}}