{"id":341,"date":"2014-12-12T13:52:37","date_gmt":"2014-12-12T11:52:37","guid":{"rendered":"http:\/\/heimatmuseum-tersteegenhaus.de\/?p=341"},"modified":"2014-12-12T14:10:35","modified_gmt":"2014-12-12T12:10:35","slug":"weihnachtsmarkt-in-der-muelheimer-altstadt","status":"publish","type":"post","link":"https:\/\/heimatmuseum-tersteegenhaus.de\/?p=341","title":{"rendered":"<span style=\"color: #003333;\">Weihnachtsmarkt in der M\u00fclheimer Altstadt<span style=\"color: #003333;\">"},"content":{"rendered":"<h2><span style=\"color: #003333;\"><strong>Besinnliche vorweihnachtliche Adventstimmung vor dem Heimatmuseum Tersteegenhaus<\/strong><\/span><\/h2>\n<p>An den ersten beiden Adventssamstagen trugen zwei Ch\u00f6re des Bezirkes Ruhr-Emscher vor dem ehemaligen Wohnhaus Gerhard Tersteegens (das heutige Heimatmuseum Tersteegenhaus M\u00fclheim an der Ruhr) dazu bei, auf dem Markt eine besinnliche vorweihnachtliche Adventstimmung herbeizuf\u00fchren.<\/p>\n<p>Die Ch\u00f6re waren vom Verein &#8222;Freundes- und F\u00f6rderkreis Heimatmuseum Tersteegenhaus M\u00fclheim an der Ruhr e.V.&#8220; eingeladen worden. Nach einleitenden Worten des Vereinsvorsitzenden Markus P\u00fcll erfreuten am 30. November 2014 der Frauenchor der Gemeinde Bottrop-Ebel unter der Leitung von Delia Friedrichs sowie ein Instrumentalkreis (Leitung Uwe Glaugau) mit Liedern wie &#8222;Markt und Stra\u00dfen&#8230;&#8220;, &#8222;Jauchzet, ihr Himmel&#8220; und &#8222;Der Heiland ist geboren&#8220; die Besucher.<\/p>\n<h2><span style=\"color: #003333;\"><strong>Viele bekannte Adventslieder<\/strong><\/span><\/h2>\n<p>Am 6. Dezember 2014 erklangen nach Begr\u00fc\u00dfung durch den Vereinsvorsitzenden wiederum viele bekannte Adventslieder, zum Beispiel &#8222;Machet die Tore weit&#8220;, &#8222;Heil&#8217;ge Nacht&#8220;, &#8222;S\u00fcsser die Glocken nie klingen&#8220; und &#8222;Leise rieselt der Schnee&#8220;, die vom Gemeinde- und M\u00e4nnerchor der Gemeinde M\u00fclheim-West vorgetragen wurden. An diesem Nikolaustag lie\u00df es sich der Nikolaus nicht nehmen, sich bei allen S\u00e4ngern und S\u00e4ngerinnen f\u00fcr ihre Bem\u00fchungen zu bedanken.<\/p>\n<p><em>Text: R\u00fcdiger Hartwig \/ Fotos: R\u00fcdiger Hartwig, AF<\/em><\/p>\n<p>&nbsp;<\/p>\n","protected":false},"excerpt":{"rendered":"<p>Besinnliche vorweihnachtliche Adventstimmung vor dem Heimatmuseum Tersteegenhaus An den ersten beiden Adventssamstagen trugen zwei Ch\u00f6re des Bezirkes Ruhr-Emscher vor dem ehemaligen Wohnhaus Gerhard Tersteegens (das heutige Heimatmuseum Tersteegenhaus M\u00fclheim an der Ruhr) dazu bei, auf dem Markt eine besinnliche vorweihnachtliche &hellip; <a href=\"https:\/\/heimatmuseum-tersteegenhaus.de\/?p=341\">Weiterlesen <span class=\"meta-nav\">&rarr;<\/span><\/a><\/p>\n","protected":false},"author":1,"featured_media":347,"comment_status":"open","ping_status":"open","sticky":false,"template":"","format":"standard","meta":{"footnotes":""},"categories":[1],"tags":[],"class_list":["post-341","post","type-post","status-publish","format-standard","has-post-thumbnail","hentry","category-allgemein"],"_links":{"self":[{"href":"https:\/\/heimatmuseum-tersteegenhaus.de\/index.php?rest_route=\/wp\/v2\/posts\/341"}],"collection":[{"href":"https:\/\/heimatmuseum-tersteegenhaus.de\/index.php?rest_route=\/wp\/v2\/posts"}],"about":[{"href":"https:\/\/heimatmuseum-tersteegenhaus.de\/index.php?rest_route=\/wp\/v2\/types\/post"}],"author":[{"embeddable":true,"href":"https:\/\/heimatmuseum-tersteegenhaus.de\/index.php?rest_route=\/wp\/v2\/users\/1"}],"replies":[{"embeddable":true,"href":"https:\/\/heimatmuseum-tersteegenhaus.de\/index.php?rest_route=%2Fwp%2Fv2%2Fcomments&post=341"}],"version-history":[{"count":6,"href":"https:\/\/heimatmuseum-tersteegenhaus.de\/index.php?rest_route=\/wp\/v2\/posts\/341\/revisions"}],"predecessor-version":[{"id":348,"href":"https:\/\/heimatmuseum-tersteegenhaus.de\/index.php?rest_route=\/wp\/v2\/posts\/341\/revisions\/348"}],"wp:featuredmedia":[{"embeddable":true,"href":"https:\/\/heimatmuseum-tersteegenhaus.de\/index.php?rest_route=\/wp\/v2\/media\/347"}],"wp:attachment":[{"href":"https:\/\/heimatmuseum-tersteegenhaus.de\/index.php?rest_route=%2Fwp%2Fv2%2Fmedia&parent=341"}],"wp:term":[{"taxonomy":"category","embeddable":true,"href":"https:\/\/heimatmuseum-tersteegenhaus.de\/index.php?rest_route=%2Fwp%2Fv2%2Fcategories&post=341"},{"taxonomy":"post_tag","embeddable":true,"href":"https:\/\/heimatmuseum-tersteegenhaus.de\/index.php?rest_route=%2Fwp%2Fv2%2Ftags&post=341"}],"curies":[{"name":"wp","href":"https:\/\/api.w.org\/{rel}","templated":true}]}}