{"id":354,"date":"2015-03-30T14:18:47","date_gmt":"2015-03-30T12:18:47","guid":{"rendered":"http:\/\/heimatmuseum-tersteegenhaus.de\/?p=354"},"modified":"2015-03-30T14:57:56","modified_gmt":"2015-03-30T12:57:56","slug":"ruhrperle-tersteegenhaus-jetzt-als-postkarten-motiv","status":"publish","type":"post","link":"https:\/\/heimatmuseum-tersteegenhaus.de\/?p=354","title":{"rendered":"<span style=\"color: #003333;\">\u201eRuhrperle\u201c Tersteegenhaus jetzt als Postkarten-Motiv<span style=\"color: #003333;\">"},"content":{"rendered":"<p><strong>Neu erschienen &#8230;<\/strong><\/p>\n<p>&#8230; ist eine Postkarte mit dem attraktiven Motiv \u201eHeimatmuseum Tersteegenhaus\u201c. Unterst\u00fctzung hierf\u00fcr kam von der M\u00fclheimer Stadtmarketing und Tourismus (MST) und vom bekannten M\u00fclheimer Fotografen Walter Schernstein. Die Postkarte ist ein weiterer \u201eWerbetr\u00e4ger\u201c f\u00fcr die \u201eRuhrperle\u201c Heimatmuseum Tersteegenhaus und nat\u00fcrlich auch f\u00fcr die M\u00fclheim an der Ruhr. Sie ist im Heimatmuseum w\u00e4hrend der \u00d6ffnungszeiten zu bekommen.<\/p>\n<p><em>Vorderseite der neuen Postkarte \u201eRuhrperle\u201c Heimatmuseum Tersteegenhaus<\/em><\/p>\n<p class=\"hide-if-no-js\"><a class=\"thickbox\" id=\"set-post-thumbnail\" title=\"Beitragsbild festlegen\" href=\"http:\/\/heimatmuseum-tersteegenhaus.de\/wp-admin\/media-upload.php?post_id=354&amp;type=image&amp;TB_iframe=1&amp;width=640&amp;height=637\"><img loading=\"lazy\" decoding=\"async\" class=\"attachment-post-thumbnail\" alt=\"Postkarten-Motiv Ruhrperle Tersteegenhaus\" src=\"http:\/\/heimatmuseum-tersteegenhaus.de\/wp-content\/uploads\/2015\/03\/Postkarte-Vorderseite_klein-213x288.jpg\" width=\"213\" height=\"288\" \/><\/a><\/p>\n","protected":false},"excerpt":{"rendered":"<p>Neu erschienen &#8230; &#8230; ist eine Postkarte mit dem attraktiven Motiv \u201eHeimatmuseum Tersteegenhaus\u201c. Unterst\u00fctzung hierf\u00fcr kam von der M\u00fclheimer Stadtmarketing und Tourismus (MST) und vom bekannten M\u00fclheimer Fotografen Walter Schernstein. Die Postkarte ist ein weiterer \u201eWerbetr\u00e4ger\u201c f\u00fcr die \u201eRuhrperle\u201c Heimatmuseum &hellip; <a href=\"https:\/\/heimatmuseum-tersteegenhaus.de\/?p=354\">Weiterlesen <span class=\"meta-nav\">&rarr;<\/span><\/a><\/p>\n","protected":false},"author":1,"featured_media":356,"comment_status":"open","ping_status":"open","sticky":false,"template":"","format":"standard","meta":{"footnotes":""},"categories":[1],"tags":[],"class_list":["post-354","post","type-post","status-publish","format-standard","has-post-thumbnail","hentry","category-allgemein"],"_links":{"self":[{"href":"https:\/\/heimatmuseum-tersteegenhaus.de\/index.php?rest_route=\/wp\/v2\/posts\/354"}],"collection":[{"href":"https:\/\/heimatmuseum-tersteegenhaus.de\/index.php?rest_route=\/wp\/v2\/posts"}],"about":[{"href":"https:\/\/heimatmuseum-tersteegenhaus.de\/index.php?rest_route=\/wp\/v2\/types\/post"}],"author":[{"embeddable":true,"href":"https:\/\/heimatmuseum-tersteegenhaus.de\/index.php?rest_route=\/wp\/v2\/users\/1"}],"replies":[{"embeddable":true,"href":"https:\/\/heimatmuseum-tersteegenhaus.de\/index.php?rest_route=%2Fwp%2Fv2%2Fcomments&post=354"}],"version-history":[{"count":5,"href":"https:\/\/heimatmuseum-tersteegenhaus.de\/index.php?rest_route=\/wp\/v2\/posts\/354\/revisions"}],"predecessor-version":[{"id":364,"href":"https:\/\/heimatmuseum-tersteegenhaus.de\/index.php?rest_route=\/wp\/v2\/posts\/354\/revisions\/364"}],"wp:featuredmedia":[{"embeddable":true,"href":"https:\/\/heimatmuseum-tersteegenhaus.de\/index.php?rest_route=\/wp\/v2\/media\/356"}],"wp:attachment":[{"href":"https:\/\/heimatmuseum-tersteegenhaus.de\/index.php?rest_route=%2Fwp%2Fv2%2Fmedia&parent=354"}],"wp:term":[{"taxonomy":"category","embeddable":true,"href":"https:\/\/heimatmuseum-tersteegenhaus.de\/index.php?rest_route=%2Fwp%2Fv2%2Fcategories&post=354"},{"taxonomy":"post_tag","embeddable":true,"href":"https:\/\/heimatmuseum-tersteegenhaus.de\/index.php?rest_route=%2Fwp%2Fv2%2Ftags&post=354"}],"curies":[{"name":"wp","href":"https:\/\/api.w.org\/{rel}","templated":true}]}}