{"id":376,"date":"2015-09-07T17:24:59","date_gmt":"2015-09-07T15:24:59","guid":{"rendered":"http:\/\/heimatmuseum-tersteegenhaus.de\/?p=376"},"modified":"2015-09-11T01:55:08","modified_gmt":"2015-09-10T23:55:08","slug":"tag-des-offenen-denkmals-am-wahlsonntag-13-09-2015","status":"publish","type":"post","link":"https:\/\/heimatmuseum-tersteegenhaus.de\/?p=376","title":{"rendered":"<span style=\"color: #003333;\">Tag des Offenen Denkmals am Wahlsonntag 13.09.2015<span style=\"color: #003333;\">"},"content":{"rendered":"<h2><span style=\"color: #003333;\">Heimatmuseum Tersteegenhaus ge\u00f6ffnet \u2013 mit Ausstellung und Lesung \u201eGeschichten aus dem Koffer\u201c<\/span><\/h2>\n<p>Auch 2015 ist zum bundesweit organisierten \u201eTag des Offenen Denkmals\u201c am 13. September, zugleich Wahlsonntag mit Oberb\u00fcrgermeisterwahl, das Heimatmuseum Tersteegenhaus in der Altstadt von 11 bis 17 Uhr f\u00fcr einen kostenfreien Besuch ge\u00f6ffnet. F\u00fchrungen mit unserem Vorstandsmitglied und Heimatfreund Heinz Hohensee sind f\u00fcr 11.30 Uhr und auf Anfrage ebenfalls vorgesehen.<\/p>\n<p>Das Programm im Tersteegenhaus wird am 13.09. mit einer Ausstellung und Lesung um 15.00 Uhr bzw. 16.00 Uhr zu \u201eGeschichten aus dem Koffer\u201c angereichert. Denn es erwarten im Tersteegenhaus die Besucher historische Koffer, die mit Lebenserwartungen verschiedener Frauen gef\u00fcllt sind. Die Erz\u00e4hlungen ranken sich um die Objekte in den Koffern und lassen ein St\u00fcck M\u00fclheimer Zeitgeschichte wieder lebendig werden.<\/p>\n","protected":false},"excerpt":{"rendered":"<p>Heimatmuseum Tersteegenhaus ge\u00f6ffnet \u2013 mit Ausstellung und Lesung \u201eGeschichten aus dem Koffer\u201c Auch 2015 ist zum bundesweit organisierten \u201eTag des Offenen Denkmals\u201c am 13. September, zugleich Wahlsonntag mit Oberb\u00fcrgermeisterwahl, das Heimatmuseum Tersteegenhaus in der Altstadt von 11 bis 17 Uhr &hellip; <a href=\"https:\/\/heimatmuseum-tersteegenhaus.de\/?p=376\">Weiterlesen <span class=\"meta-nav\">&rarr;<\/span><\/a><\/p>\n","protected":false},"author":1,"featured_media":0,"comment_status":"open","ping_status":"open","sticky":false,"template":"","format":"standard","meta":{"footnotes":""},"categories":[1],"tags":[],"class_list":["post-376","post","type-post","status-publish","format-standard","hentry","category-allgemein"],"_links":{"self":[{"href":"https:\/\/heimatmuseum-tersteegenhaus.de\/index.php?rest_route=\/wp\/v2\/posts\/376"}],"collection":[{"href":"https:\/\/heimatmuseum-tersteegenhaus.de\/index.php?rest_route=\/wp\/v2\/posts"}],"about":[{"href":"https:\/\/heimatmuseum-tersteegenhaus.de\/index.php?rest_route=\/wp\/v2\/types\/post"}],"author":[{"embeddable":true,"href":"https:\/\/heimatmuseum-tersteegenhaus.de\/index.php?rest_route=\/wp\/v2\/users\/1"}],"replies":[{"embeddable":true,"href":"https:\/\/heimatmuseum-tersteegenhaus.de\/index.php?rest_route=%2Fwp%2Fv2%2Fcomments&post=376"}],"version-history":[{"count":5,"href":"https:\/\/heimatmuseum-tersteegenhaus.de\/index.php?rest_route=\/wp\/v2\/posts\/376\/revisions"}],"predecessor-version":[{"id":381,"href":"https:\/\/heimatmuseum-tersteegenhaus.de\/index.php?rest_route=\/wp\/v2\/posts\/376\/revisions\/381"}],"wp:attachment":[{"href":"https:\/\/heimatmuseum-tersteegenhaus.de\/index.php?rest_route=%2Fwp%2Fv2%2Fmedia&parent=376"}],"wp:term":[{"taxonomy":"category","embeddable":true,"href":"https:\/\/heimatmuseum-tersteegenhaus.de\/index.php?rest_route=%2Fwp%2Fv2%2Fcategories&post=376"},{"taxonomy":"post_tag","embeddable":true,"href":"https:\/\/heimatmuseum-tersteegenhaus.de\/index.php?rest_route=%2Fwp%2Fv2%2Ftags&post=376"}],"curies":[{"name":"wp","href":"https:\/\/api.w.org\/{rel}","templated":true}]}}