{"id":436,"date":"2016-11-24T20:46:09","date_gmt":"2016-11-24T18:46:09","guid":{"rendered":"http:\/\/heimatmuseum-tersteegenhaus.de\/?p=436"},"modified":"2016-11-24T20:46:09","modified_gmt":"2016-11-24T18:46:09","slug":"adventsmarkt-2016-heimatmuseum-wieder-dabei","status":"publish","type":"post","link":"https:\/\/heimatmuseum-tersteegenhaus.de\/?p=436","title":{"rendered":"<span style=\"color: #003333;\">Adventsmarkt 2016  \u2013 Heimatmuseum wieder dabei<span style=\"color: #003333;\">"},"content":{"rendered":"<p>Der j\u00e4hrliche Adventsmarkt in der Altstadt wird auch in diesem Jahr an den vier Advents-Wochenenden ab 25. November 2016 wieder stattfinden.<br \/>\nWie in den Vorjahren wird das Heimatmuseum Tersteegenhaus mit erwei-terten \u00d6ffnungszeiten jeweils freitags, Samstags und sonntags von 16-20 Uhr f\u00fcr Besucherinnen und Besucher ge\u00f6ffnet sein. Mitglieder und Freunde des Heimatmuseums unter der F\u00fchrung von Hans Hohensee werden in bew\u00e4hrter Weise in dieser Zeit ehrenamtlich die Betreuung und das Angebot von Gruppen-F\u00fchrungen organisieren.<\/p>\n<h2><span style=\"color: #003333;\">Mit Rahmenprogramm<\/span><\/h2>\n<p>Au\u00dferdem wird es ein zus\u00e4tzliches Rahmenprogramm (mit Auftritten der befreundeten Ch\u00f6re der Neuapostolischen Kirche) geben. So werden am 2. Advents-Samstag, am 3. Dezember 2016, ab 16.30 Uhr, der Gemischte Chor der Neuapostolischen Kirche, Gemeinde M\u00fclheim West, unter der Leitung von Klaus Hanke, und eine Woche sp\u00e4ter, am Samstag, 10. Dezember 2016, auch ab 16.30 Uhr, der Gemischte Chor der Neuapostolischen Gemeinde M\u00fclheim-Mitte, hier unter der Leitung von Wilfried Boy, vorweihnachtliche Lieder vortragen.<\/p>\n","protected":false},"excerpt":{"rendered":"<p>Der j\u00e4hrliche Adventsmarkt in der Altstadt wird auch in diesem Jahr an den vier Advents-Wochenenden ab 25. November 2016 wieder stattfinden. Wie in den Vorjahren wird das Heimatmuseum Tersteegenhaus mit erwei-terten \u00d6ffnungszeiten jeweils freitags, Samstags und sonntags von 16-20 Uhr &hellip; <a href=\"https:\/\/heimatmuseum-tersteegenhaus.de\/?p=436\">Weiterlesen <span class=\"meta-nav\">&rarr;<\/span><\/a><\/p>\n","protected":false},"author":1,"featured_media":0,"comment_status":"open","ping_status":"open","sticky":false,"template":"","format":"standard","meta":{"footnotes":""},"categories":[1],"tags":[],"class_list":["post-436","post","type-post","status-publish","format-standard","hentry","category-allgemein"],"_links":{"self":[{"href":"https:\/\/heimatmuseum-tersteegenhaus.de\/index.php?rest_route=\/wp\/v2\/posts\/436"}],"collection":[{"href":"https:\/\/heimatmuseum-tersteegenhaus.de\/index.php?rest_route=\/wp\/v2\/posts"}],"about":[{"href":"https:\/\/heimatmuseum-tersteegenhaus.de\/index.php?rest_route=\/wp\/v2\/types\/post"}],"author":[{"embeddable":true,"href":"https:\/\/heimatmuseum-tersteegenhaus.de\/index.php?rest_route=\/wp\/v2\/users\/1"}],"replies":[{"embeddable":true,"href":"https:\/\/heimatmuseum-tersteegenhaus.de\/index.php?rest_route=%2Fwp%2Fv2%2Fcomments&post=436"}],"version-history":[{"count":1,"href":"https:\/\/heimatmuseum-tersteegenhaus.de\/index.php?rest_route=\/wp\/v2\/posts\/436\/revisions"}],"predecessor-version":[{"id":437,"href":"https:\/\/heimatmuseum-tersteegenhaus.de\/index.php?rest_route=\/wp\/v2\/posts\/436\/revisions\/437"}],"wp:attachment":[{"href":"https:\/\/heimatmuseum-tersteegenhaus.de\/index.php?rest_route=%2Fwp%2Fv2%2Fmedia&parent=436"}],"wp:term":[{"taxonomy":"category","embeddable":true,"href":"https:\/\/heimatmuseum-tersteegenhaus.de\/index.php?rest_route=%2Fwp%2Fv2%2Fcategories&post=436"},{"taxonomy":"post_tag","embeddable":true,"href":"https:\/\/heimatmuseum-tersteegenhaus.de\/index.php?rest_route=%2Fwp%2Fv2%2Ftags&post=436"}],"curies":[{"name":"wp","href":"https:\/\/api.w.org\/{rel}","templated":true}]}}