{"id":439,"date":"2016-12-02T18:01:23","date_gmt":"2016-12-02T16:01:23","guid":{"rendered":"http:\/\/heimatmuseum-tersteegenhaus.de\/?p=439"},"modified":"2016-12-02T18:01:23","modified_gmt":"2016-12-02T16:01:23","slug":"projekt-stadterkundung-zwischen-gestern-und-morgen","status":"publish","type":"post","link":"https:\/\/heimatmuseum-tersteegenhaus.de\/?p=439","title":{"rendered":"<span style=\"color: #003333;\">Projekt \u201eStadterkundung zwischen gestern und morgen\u201c<span style=\"color: #003333;\">"},"content":{"rendered":"<h2><span style=\"color: #003333;\">Ausstellungser\u00f6ffnung im Heimatmuseum Tersteegenhaus am 05.12.<\/span><\/h2>\n<p>Zwei Gruppen der Jahrgangsstufe 8 der Otto-Pankok-Schule haben sich im Kunst-\/Medienkurs mit der Architektur und Geschichte ihrer Stadt besch\u00e4ftigt. Das von Inge Sauer konzipierte Projekt wurde gemeinsam mit dem Kunstlehrer Hans-Peter Hepp 2016 durchgef\u00fchrt, vom Freundes- und F\u00f6rderkreis Heimatmuseum Tersteegenhaus initiiert und von der Sparkassenstiftung M\u00fclheim an der Ruhr gef\u00f6rdert.<br \/>\nDas Projekt beginnt mit dem Thema \u201eArchitektur genau beobachten\u201c, darauf folgen zeitgeschichtliche Analysen und F\u00fchrungen durch M\u00fclheim an der Ruhr sowie Zeitzeugenberichte. Am Schluss steht ein Blick in die Zukunft.<\/p>\n<h2><span style=\"color: #003333;\">Sch\u00fcler-Zeichnungen zur Altstadt rund um das Tersteegenhaus<\/span><\/h2>\n<p>Mit dem Kunstlehrer Hans-Peter Hepp und der Grafikerin Inge Sauer zeichneten die Sch\u00fclerinnen und Sch\u00fcler im ersten Teil des Projekts die Altstadt rund um das Tersteegenhaus. Gleichzeitig entstanden sehenswerte Zeichnungen vom alten und neuen M\u00fclheim an der Ruhr. Die Projektergebnisse sind nunmehr in der Ausstellung im Tersteegenhaus zu sehen.<\/p>\n<h2><span style=\"color: #003333;\">\u00d6ffnungszeiten<\/span><\/h2>\n<p>Die <em>Ausstellungser\u00f6ffnung<\/em> ist am Montag, 5. Dezember 2016 im Tersteegenhaus.<\/p>\n<p>Die <em>weiteren \u00d6ffnungszeiten<\/em> im Heimatmuseum Tersteegenhaus:<br \/>\n&#8211; Dienstags von 15.00 bis 17.00 Uhr<br \/>\n&#8211; An den Adventswochenenden Freitag bis Sonntag von 16.00 Uhr &#8211; 20.00 Uhr<\/p>\n<div style=\"width: 210px\" class=\"wp-caption alignleft\"><a id=\"set-post-thumbnail\" class=\"thickbox\" title=\"Beitragsbild festlegen\" href=\"http:\/\/heimatmuseum-tersteegenhaus.de\/wp-admin\/media-upload.php?post_id=439&amp;type=image&amp;TB_iframe=1\"><img loading=\"lazy\" decoding=\"async\" class=\"attachment-post-thumbnail\" src=\"http:\/\/heimatmuseum-tersteegenhaus.de\/wp-content\/uploads\/2016\/12\/20161125_182207_sehr-klein-200x288.jpg\" alt=\"Tersteegenhaus bei Nacht | Foto: E.Schiemer\" width=\"200\" height=\"288\" \/><\/a><p class=\"wp-caption-text\">Tersteegenhaus in der M\u00fclheimer Altstadt bei Nacht | Foto: E.Schiemer<\/p><\/div>\n","protected":false},"excerpt":{"rendered":"<p>Ausstellungser\u00f6ffnung im Heimatmuseum Tersteegenhaus am 05.12. Zwei Gruppen der Jahrgangsstufe 8 der Otto-Pankok-Schule haben sich im Kunst-\/Medienkurs mit der Architektur und Geschichte ihrer Stadt besch\u00e4ftigt. Das von Inge Sauer konzipierte Projekt wurde gemeinsam mit dem Kunstlehrer Hans-Peter Hepp 2016 durchgef\u00fchrt, &hellip; <a href=\"https:\/\/heimatmuseum-tersteegenhaus.de\/?p=439\">Weiterlesen <span class=\"meta-nav\">&rarr;<\/span><\/a><\/p>\n","protected":false},"author":1,"featured_media":444,"comment_status":"open","ping_status":"open","sticky":false,"template":"","format":"standard","meta":{"footnotes":""},"categories":[1],"tags":[],"class_list":["post-439","post","type-post","status-publish","format-standard","has-post-thumbnail","hentry","category-allgemein"],"_links":{"self":[{"href":"https:\/\/heimatmuseum-tersteegenhaus.de\/index.php?rest_route=\/wp\/v2\/posts\/439"}],"collection":[{"href":"https:\/\/heimatmuseum-tersteegenhaus.de\/index.php?rest_route=\/wp\/v2\/posts"}],"about":[{"href":"https:\/\/heimatmuseum-tersteegenhaus.de\/index.php?rest_route=\/wp\/v2\/types\/post"}],"author":[{"embeddable":true,"href":"https:\/\/heimatmuseum-tersteegenhaus.de\/index.php?rest_route=\/wp\/v2\/users\/1"}],"replies":[{"embeddable":true,"href":"https:\/\/heimatmuseum-tersteegenhaus.de\/index.php?rest_route=%2Fwp%2Fv2%2Fcomments&post=439"}],"version-history":[{"count":3,"href":"https:\/\/heimatmuseum-tersteegenhaus.de\/index.php?rest_route=\/wp\/v2\/posts\/439\/revisions"}],"predecessor-version":[{"id":445,"href":"https:\/\/heimatmuseum-tersteegenhaus.de\/index.php?rest_route=\/wp\/v2\/posts\/439\/revisions\/445"}],"wp:featuredmedia":[{"embeddable":true,"href":"https:\/\/heimatmuseum-tersteegenhaus.de\/index.php?rest_route=\/wp\/v2\/media\/444"}],"wp:attachment":[{"href":"https:\/\/heimatmuseum-tersteegenhaus.de\/index.php?rest_route=%2Fwp%2Fv2%2Fmedia&parent=439"}],"wp:term":[{"taxonomy":"category","embeddable":true,"href":"https:\/\/heimatmuseum-tersteegenhaus.de\/index.php?rest_route=%2Fwp%2Fv2%2Fcategories&post=439"},{"taxonomy":"post_tag","embeddable":true,"href":"https:\/\/heimatmuseum-tersteegenhaus.de\/index.php?rest_route=%2Fwp%2Fv2%2Ftags&post=439"}],"curies":[{"name":"wp","href":"https:\/\/api.w.org\/{rel}","templated":true}]}}