{"id":452,"date":"2017-03-25T23:03:56","date_gmt":"2017-03-25T21:03:56","guid":{"rendered":"http:\/\/heimatmuseum-tersteegenhaus.de\/?p=452"},"modified":"2017-03-26T01:21:26","modified_gmt":"2017-03-25T23:21:26","slug":"heinz-hohensee-ist-tot","status":"publish","type":"post","link":"https:\/\/heimatmuseum-tersteegenhaus.de\/?p=452","title":{"rendered":"<span style=\"color: #003333;\">Heinz Hohensee &dagger;<span style=\"color: #003333;\">"},"content":{"rendered":"<p><em>Der Freundes- und F\u00f6rderkreis Heimatmuseum Tersteegenhaus M\u00fclheim an der Ruhr e.V. trauert um den Heimatfreund Heinz Hohensee, der 76j\u00e4hrig am 13. M\u00e4rz 2017 in M\u00fclheim verstorben ist.<\/em><\/p>\n<p>Heinz Hohensee war im Mai 2011 Mitinitiator und Mitbegr\u00fcnder unseres Freundes- und F\u00f6rderkreises Heimatmuseum Tersteegenhaus und hat seitdem als Vorstandsmitglied ehrenamtlich und uneigenn\u00fctzig die Tradition des Heimatmuseums auf vielf\u00e4ltige Weise gepflegt. Er hat ma\u00dfgeblich dazu beigetragen, dass in einer gemeinsamen Kraftanstrengung damals die &#8222;dunklen Wolken&#8220; \u00fcber dem Heimatmuseum, das auf einer st\u00e4dtischen Streich- und Schlie\u00dfungsliste stand, verscheucht werden konnten.<\/p>\n<h2><span style=\"color: #003333;\">&#8222;Mister Tersteegen&#8220;: Viele Tausende erinnern sich an seine F\u00fchrungen<\/span><\/h2>\n<p>Wir werden uns gern immer wieder daran erinnern, dass Heinz Hohensee sein gro\u00dfes Fachwissen \u00fcber die M\u00fclheimer Geschichte im Allgemeinen und \u00fcber die historische M\u00fclheimer Pers\u00f6nlichkeit Gerhard Tersteegen im Besonderen, die mit dem heutigen Standort des Heimatmuseums in der Altstadt untrennbar verbunden ist, bereitwillig mit der interessierten \u00d6ffentlichkeit teilte. Viele Tausende haben insbesondere seine F\u00fchrungen im Heimatmuseum erleben und genie\u00dfen k\u00f6nnen.<br \/>\nWir werden uns auch an sein stets wohltuend bescheidenes Auftreten genauso wie an seinen trockenen Humor gern erinnern.<\/p>\n<p><img loading=\"lazy\" decoding=\"async\" class=\"alignleft wp-image-463 \" src=\"http:\/\/heimatmuseum-tersteegenhaus.de\/wp-content\/uploads\/2017\/03\/Heinz-Hohensee-Trauerbild-klein-bei-F\u00fchrung-e1490479567345-225x300.jpg\" alt=\"\" width=\"262\" height=\"346\" \/><\/p>\n<p>Wir werden unserem Heimatfreund Heinz Hohensee auch im Heimatmuseum, das jahrzehntelang seine zweite Heimat war, ein dankbares und ehrendes Andenken bewahren.<\/p>\n<p>Markus P\u00fcll\u00a0 |\u00a0 Hansgeorg Schiemer<br \/>\nVorsitzender\u00a0 |\u00a0 Gesch\u00e4ftsf\u00fchrer<\/p>\n<p>&nbsp;<\/p>\n<p><em>Foto: Heinz Hohensee, bei einer seiner F\u00fchrungen durch das Heimatmuseum Tersteegenhaus &#8211; und so, wie ihn viele in guter Erinnerung behalten werden.<\/em><\/p>\n<p>&nbsp;<\/p>\n","protected":false},"excerpt":{"rendered":"<p>Der Freundes- und F\u00f6rderkreis Heimatmuseum Tersteegenhaus M\u00fclheim an der Ruhr e.V. trauert um den Heimatfreund Heinz Hohensee, der 76j\u00e4hrig am 13. M\u00e4rz 2017 in M\u00fclheim verstorben ist. Heinz Hohensee war im Mai 2011 Mitinitiator und Mitbegr\u00fcnder unseres Freundes- und F\u00f6rderkreises &hellip; <a href=\"https:\/\/heimatmuseum-tersteegenhaus.de\/?p=452\">Weiterlesen <span class=\"meta-nav\">&rarr;<\/span><\/a><\/p>\n","protected":false},"author":1,"featured_media":0,"comment_status":"open","ping_status":"open","sticky":false,"template":"","format":"standard","meta":{"footnotes":""},"categories":[1],"tags":[],"class_list":["post-452","post","type-post","status-publish","format-standard","hentry","category-allgemein"],"_links":{"self":[{"href":"https:\/\/heimatmuseum-tersteegenhaus.de\/index.php?rest_route=\/wp\/v2\/posts\/452"}],"collection":[{"href":"https:\/\/heimatmuseum-tersteegenhaus.de\/index.php?rest_route=\/wp\/v2\/posts"}],"about":[{"href":"https:\/\/heimatmuseum-tersteegenhaus.de\/index.php?rest_route=\/wp\/v2\/types\/post"}],"author":[{"embeddable":true,"href":"https:\/\/heimatmuseum-tersteegenhaus.de\/index.php?rest_route=\/wp\/v2\/users\/1"}],"replies":[{"embeddable":true,"href":"https:\/\/heimatmuseum-tersteegenhaus.de\/index.php?rest_route=%2Fwp%2Fv2%2Fcomments&post=452"}],"version-history":[{"count":20,"href":"https:\/\/heimatmuseum-tersteegenhaus.de\/index.php?rest_route=\/wp\/v2\/posts\/452\/revisions"}],"predecessor-version":[{"id":474,"href":"https:\/\/heimatmuseum-tersteegenhaus.de\/index.php?rest_route=\/wp\/v2\/posts\/452\/revisions\/474"}],"wp:attachment":[{"href":"https:\/\/heimatmuseum-tersteegenhaus.de\/index.php?rest_route=%2Fwp%2Fv2%2Fmedia&parent=452"}],"wp:term":[{"taxonomy":"category","embeddable":true,"href":"https:\/\/heimatmuseum-tersteegenhaus.de\/index.php?rest_route=%2Fwp%2Fv2%2Fcategories&post=452"},{"taxonomy":"post_tag","embeddable":true,"href":"https:\/\/heimatmuseum-tersteegenhaus.de\/index.php?rest_route=%2Fwp%2Fv2%2Ftags&post=452"}],"curies":[{"name":"wp","href":"https:\/\/api.w.org\/{rel}","templated":true}]}}