{"id":510,"date":"2017-09-06T12:31:16","date_gmt":"2017-09-06T10:31:16","guid":{"rendered":"http:\/\/heimatmuseum-tersteegenhaus.de\/?p=510"},"modified":"2017-09-07T12:12:51","modified_gmt":"2017-09-07T10:12:51","slug":"langer-atem-bauzaeune-werben","status":"publish","type":"post","link":"https:\/\/heimatmuseum-tersteegenhaus.de\/?p=510","title":{"rendered":"<span style=\"color: #003333;\">Langer Atem: Bauz\u00e4une werben &#8230;<span style=\"color: #003333;\">"},"content":{"rendered":"<h2><span style=\"color: #003333;\">&#8230; f\u00fcr den Erhalt des Heimatmuseum<\/span><\/h2>\n<p>Eine kleine Bewegung rund um das im April geschlossene Heimatmuseum Tersteegenhaus in der M\u00fclheimer Altstadt war vor wenigen Tagen zu sp\u00fcren: Die nicht gerade attraktiven Bauz\u00e4une wurden mit neu gestalteten Werbetafeln auf Kosten des Freundes- und F\u00f6rderkreises Heimatmuseum aufgeh\u00fcbscht. Die \u00d6ffentlichkeit wird dabei um weitere (finanzielle) Unterst\u00fctzung gebeten. Denn klar ist: Wir brauchen den langen Atem!<\/p>\n<p><img loading=\"lazy\" decoding=\"async\" class=\"alignnone size-medium wp-image-513\" src=\"http:\/\/heimatmuseum-tersteegenhaus.de\/wp-content\/uploads\/2017\/09\/Baustelle_3_klein-300x169.jpg\" alt=\"\" width=\"300\" height=\"169\" srcset=\"https:\/\/heimatmuseum-tersteegenhaus.de\/wp-content\/uploads\/2017\/09\/Baustelle_3_klein-300x169.jpg 300w, https:\/\/heimatmuseum-tersteegenhaus.de\/wp-content\/uploads\/2017\/09\/Baustelle_3_klein-150x84.jpg 150w, https:\/\/heimatmuseum-tersteegenhaus.de\/wp-content\/uploads\/2017\/09\/Baustelle_3_klein-768x432.jpg 768w, https:\/\/heimatmuseum-tersteegenhaus.de\/wp-content\/uploads\/2017\/09\/Baustelle_3_klein-1024x576.jpg 1024w, https:\/\/heimatmuseum-tersteegenhaus.de\/wp-content\/uploads\/2017\/09\/Baustelle_3_klein-500x281.jpg 500w, https:\/\/heimatmuseum-tersteegenhaus.de\/wp-content\/uploads\/2017\/09\/Baustelle_3_klein.jpg 1328w\" sizes=\"(max-width: 300px) 100vw, 300px\" \/><\/p>\n<h2><span style=\"color: #003333;\">Nachgehakt<\/span><\/h2>\n<p>In der letzten Ratssitzung haben der Vorsitzende des Freundes- und F\u00f6rderkreises Heimatmuseum, Markus P\u00fcll, und ein weiteres F\u00f6rderkreis-Mitglied, Hans-Georg H\u00f6tger, die Verwaltung nach dem aktuellen Stand der Bem\u00fchungen zur Wiederer\u00f6ffnung des Heimatmuseums gefragt. Dabei gab es die Zusicherung des Stadtk\u00e4mmerers Frank Mendack, mit Hochdruck einen Zeitplan f\u00fcr die verschiedenen Gutachten (Brandschutz, Asbest usw.) und die weiteren Schritte zur Sanierung des Heimatmuseums zu erstellen sowie den Ratsgremien und der M\u00fclheimer \u00d6ffentlichkeit vorzulegen.<\/p>\n<p>Sobald es neue Nachrichten gibt&#8230;..<\/p>\n<p><img loading=\"lazy\" decoding=\"async\" class=\"alignnone size-medium wp-image-514\" src=\"http:\/\/heimatmuseum-tersteegenhaus.de\/wp-content\/uploads\/2017\/09\/Baustelle_2_klein-169x300.jpg\" alt=\"\" width=\"169\" height=\"300\" srcset=\"https:\/\/heimatmuseum-tersteegenhaus.de\/wp-content\/uploads\/2017\/09\/Baustelle_2_klein-169x300.jpg 169w, https:\/\/heimatmuseum-tersteegenhaus.de\/wp-content\/uploads\/2017\/09\/Baustelle_2_klein-84x150.jpg 84w, https:\/\/heimatmuseum-tersteegenhaus.de\/wp-content\/uploads\/2017\/09\/Baustelle_2_klein-576x1024.jpg 576w, https:\/\/heimatmuseum-tersteegenhaus.de\/wp-content\/uploads\/2017\/09\/Baustelle_2_klein.jpg 747w\" sizes=\"(max-width: 169px) 100vw, 169px\" \/><\/p>\n","protected":false},"excerpt":{"rendered":"<p>&#8230; f\u00fcr den Erhalt des Heimatmuseum Eine kleine Bewegung rund um das im April geschlossene Heimatmuseum Tersteegenhaus in der M\u00fclheimer Altstadt war vor wenigen Tagen zu sp\u00fcren: Die nicht gerade attraktiven Bauz\u00e4une wurden mit neu gestalteten Werbetafeln auf Kosten des &hellip; <a href=\"https:\/\/heimatmuseum-tersteegenhaus.de\/?p=510\">Weiterlesen <span class=\"meta-nav\">&rarr;<\/span><\/a><\/p>\n","protected":false},"author":1,"featured_media":0,"comment_status":"open","ping_status":"open","sticky":false,"template":"","format":"standard","meta":{"footnotes":""},"categories":[1],"tags":[],"class_list":["post-510","post","type-post","status-publish","format-standard","hentry","category-allgemein"],"_links":{"self":[{"href":"https:\/\/heimatmuseum-tersteegenhaus.de\/index.php?rest_route=\/wp\/v2\/posts\/510"}],"collection":[{"href":"https:\/\/heimatmuseum-tersteegenhaus.de\/index.php?rest_route=\/wp\/v2\/posts"}],"about":[{"href":"https:\/\/heimatmuseum-tersteegenhaus.de\/index.php?rest_route=\/wp\/v2\/types\/post"}],"author":[{"embeddable":true,"href":"https:\/\/heimatmuseum-tersteegenhaus.de\/index.php?rest_route=\/wp\/v2\/users\/1"}],"replies":[{"embeddable":true,"href":"https:\/\/heimatmuseum-tersteegenhaus.de\/index.php?rest_route=%2Fwp%2Fv2%2Fcomments&post=510"}],"version-history":[{"count":3,"href":"https:\/\/heimatmuseum-tersteegenhaus.de\/index.php?rest_route=\/wp\/v2\/posts\/510\/revisions"}],"predecessor-version":[{"id":512,"href":"https:\/\/heimatmuseum-tersteegenhaus.de\/index.php?rest_route=\/wp\/v2\/posts\/510\/revisions\/512"}],"wp:attachment":[{"href":"https:\/\/heimatmuseum-tersteegenhaus.de\/index.php?rest_route=%2Fwp%2Fv2%2Fmedia&parent=510"}],"wp:term":[{"taxonomy":"category","embeddable":true,"href":"https:\/\/heimatmuseum-tersteegenhaus.de\/index.php?rest_route=%2Fwp%2Fv2%2Fcategories&post=510"},{"taxonomy":"post_tag","embeddable":true,"href":"https:\/\/heimatmuseum-tersteegenhaus.de\/index.php?rest_route=%2Fwp%2Fv2%2Ftags&post=510"}],"curies":[{"name":"wp","href":"https:\/\/api.w.org\/{rel}","templated":true}]}}