{"id":518,"date":"2017-09-28T22:35:36","date_gmt":"2017-09-28T20:35:36","guid":{"rendered":"http:\/\/heimatmuseum-tersteegenhaus.de\/?p=518"},"modified":"2017-09-28T22:38:14","modified_gmt":"2017-09-28T20:38:14","slug":"gruenbelag-entfernt","status":"publish","type":"post","link":"https:\/\/heimatmuseum-tersteegenhaus.de\/?p=518","title":{"rendered":"<span style=\"color: #003333;\">Gr\u00fcnbelag entfernt<span style=\"color: #003333;\">"},"content":{"rendered":"<div id=\"attachment_517\" style=\"width: 272px\" class=\"wp-caption alignleft\"><img loading=\"lazy\" decoding=\"async\" aria-describedby=\"caption-attachment-517\" class=\" wp-image-517\" src=\"http:\/\/heimatmuseum-tersteegenhaus.de\/wp-content\/uploads\/2017\/09\/FotoHeimatmuseum092201701Waage_klein-169x300.jpg\" alt=\"\" width=\"262\" height=\"455\" \/><p id=\"caption-attachment-517\" class=\"wp-caption-text\">&#8222;Vergr\u00fcnung&#8220; gestoppt<\/p><\/div>\n<p><span style=\"color: #003333;\"><strong>Danke!<\/strong><\/span><\/p>\n<p>Das Amt f\u00fcr Gr\u00fcnfl\u00e4chenmanagement hat auf Bitten des Freundes- und F\u00f6rderkreises Heimatmuseum in einem Sondereinsatz die \u201eVergr\u00fcnung\u201c und drohende Verwilderung an der Baustelle \u201eTersteegenhaus\u201c gestoppt.<br \/>\nF\u00f6rderkreis-Vorsitzender Markus P\u00fcll sprach der Amtsleiterin Sylvia Waage den besonderen Dank der Freunde und F\u00f6rderer des Heimatmuseums aus.<\/p>\n<p>&nbsp;<\/p>\n<p>&nbsp;<\/p>\n<p>&nbsp;<\/p>\n<p>&nbsp;<\/p>\n<p>&nbsp;<\/p>\n<hr \/>\n<p style=\"text-align: right;\">Foto: Hg.Schiemer<\/p>\n","protected":false},"excerpt":{"rendered":"<p>Danke! Das Amt f\u00fcr Gr\u00fcnfl\u00e4chenmanagement hat auf Bitten des Freundes- und F\u00f6rderkreises Heimatmuseum in einem Sondereinsatz die \u201eVergr\u00fcnung\u201c und drohende Verwilderung an der Baustelle \u201eTersteegenhaus\u201c gestoppt. F\u00f6rderkreis-Vorsitzender Markus P\u00fcll sprach der Amtsleiterin Sylvia Waage den besonderen Dank der Freunde und &hellip; <a href=\"https:\/\/heimatmuseum-tersteegenhaus.de\/?p=518\">Weiterlesen <span class=\"meta-nav\">&rarr;<\/span><\/a><\/p>\n","protected":false},"author":1,"featured_media":0,"comment_status":"open","ping_status":"open","sticky":false,"template":"","format":"standard","meta":{"footnotes":""},"categories":[1],"tags":[],"class_list":["post-518","post","type-post","status-publish","format-standard","hentry","category-allgemein"],"_links":{"self":[{"href":"https:\/\/heimatmuseum-tersteegenhaus.de\/index.php?rest_route=\/wp\/v2\/posts\/518"}],"collection":[{"href":"https:\/\/heimatmuseum-tersteegenhaus.de\/index.php?rest_route=\/wp\/v2\/posts"}],"about":[{"href":"https:\/\/heimatmuseum-tersteegenhaus.de\/index.php?rest_route=\/wp\/v2\/types\/post"}],"author":[{"embeddable":true,"href":"https:\/\/heimatmuseum-tersteegenhaus.de\/index.php?rest_route=\/wp\/v2\/users\/1"}],"replies":[{"embeddable":true,"href":"https:\/\/heimatmuseum-tersteegenhaus.de\/index.php?rest_route=%2Fwp%2Fv2%2Fcomments&post=518"}],"version-history":[{"count":4,"href":"https:\/\/heimatmuseum-tersteegenhaus.de\/index.php?rest_route=\/wp\/v2\/posts\/518\/revisions"}],"predecessor-version":[{"id":522,"href":"https:\/\/heimatmuseum-tersteegenhaus.de\/index.php?rest_route=\/wp\/v2\/posts\/518\/revisions\/522"}],"wp:attachment":[{"href":"https:\/\/heimatmuseum-tersteegenhaus.de\/index.php?rest_route=%2Fwp%2Fv2%2Fmedia&parent=518"}],"wp:term":[{"taxonomy":"category","embeddable":true,"href":"https:\/\/heimatmuseum-tersteegenhaus.de\/index.php?rest_route=%2Fwp%2Fv2%2Fcategories&post=518"},{"taxonomy":"post_tag","embeddable":true,"href":"https:\/\/heimatmuseum-tersteegenhaus.de\/index.php?rest_route=%2Fwp%2Fv2%2Ftags&post=518"}],"curies":[{"name":"wp","href":"https:\/\/api.w.org\/{rel}","templated":true}]}}