{"id":524,"date":"2017-11-19T16:40:19","date_gmt":"2017-11-19T14:40:19","guid":{"rendered":"http:\/\/heimatmuseum-tersteegenhaus.de\/?p=524"},"modified":"2017-11-30T03:02:06","modified_gmt":"2017-11-30T01:02:06","slug":"adventsmarkt-2017-der-altstadt-freundes-und-foerderkreis-heimatmuseum-wieder-dabei","status":"publish","type":"post","link":"https:\/\/heimatmuseum-tersteegenhaus.de\/?p=524","title":{"rendered":"<span style=\"color: #003333;\">Adventsmarkt 2017 in der Altstadt: Freundes- und F\u00f6rderkreis Heimatmuseum wieder dabei!<span style=\"color: #003333;\">"},"content":{"rendered":"<p>Auch im f\u00fcr das Heimatmuseum Tersteegenhaus schwierigen Jahr 2017 sind die Mitglieder und Freunde des Heimatmuseums wieder \u2013 wie in den fr\u00fcheren Jahren auch \u2013 auf dem <strong>Adventsmarkt<\/strong> an den drei Advents-Wochenenden (<strong>ab Freitag, 01.12.2017<\/strong>) pr\u00e4sent.<br \/>\nDa das Heimatmuseum aber weiterhin geschlossen und nicht zug\u00e4nglich ist, werden<\/p>\n<div id=\"attachment_444\" style=\"width: 179px\" class=\"wp-caption alignleft\"><img loading=\"lazy\" decoding=\"async\" aria-describedby=\"caption-attachment-444\" class=\"size-medium wp-image-444\" src=\"http:\/\/heimatmuseum-tersteegenhaus.de\/wp-content\/uploads\/2016\/12\/20161125_182207_sehr-klein-169x300.jpg\" alt=\"\" width=\"169\" height=\"300\" srcset=\"https:\/\/heimatmuseum-tersteegenhaus.de\/wp-content\/uploads\/2016\/12\/20161125_182207_sehr-klein-169x300.jpg 169w, https:\/\/heimatmuseum-tersteegenhaus.de\/wp-content\/uploads\/2016\/12\/20161125_182207_sehr-klein-85x150.jpg 85w, https:\/\/heimatmuseum-tersteegenhaus.de\/wp-content\/uploads\/2016\/12\/20161125_182207_sehr-klein.jpg 200w\" sizes=\"(max-width: 169px) 100vw, 169px\" \/><p id=\"caption-attachment-444\" class=\"wp-caption-text\">Tersteegenhaus bei Nacht | Foto: E.Schiemer<\/p><\/div>\n<p>Mitglieder und Freunde des Heimatmuseums, diesmal im \u201eExil\u201c, <strong>freitags und samstags, mindestens jeweils von 17 bis 19 Uhr,<\/strong> in bzw. an der Holzh\u00fctte gegen\u00fcber dem Petrikirchenhaus und Tersteegenhaus anzutreffen sein. Dann sind wir in guter Nachbarschaft mit den Abi-Jahrg\u00e4ngen von drei M\u00fclheimer Gymnasien, die nicht nur mit Waffelverkauf Einnahmen f\u00fcr ihre Abifeiern sammeln, sondern auch Partner unseres Heimatmuseums sind. Ein Bauzaun mit dem Motiv \u201eTersteegenhaus\u201c wird dabei einer der \u201eHingucker\u201c und zugleich ein guter Orientierungspunkt sein.<\/p>\n<p>Zur Zeit sind Bem\u00fchungen in Gang, dass zwei Ch\u00f6re\u00a0 der Neuapostolischen Kirchengemeinde <strong>an den beiden Samstagen, 09.12. und 16.12., ab 17.00 Uhr<\/strong>, wieder \u00f6ffentlich nahe am Tersteegenhaus auftreten und mit weihnachtlichen und Tersteegen-Liedern die Besucher des Adventsmarktes erfreuen.<\/p>\n<p><strong><span style=\"color: #003333;\">Aufruf: Mitmachen!<br \/>\n<\/span><\/strong><\/p>\n<p>Wir bitten auf diesem Weg alle Freunde des Heimatmuseums, sich f\u00fcr 1-2 Stunden als Ansprechpartner f\u00fcr die interessierten Heimatfreunde zur Verf\u00fcgung zu stellen. Das w\u00e4re zugleich ein gutes Zeichen der Solidarit\u00e4t mit dem Heimatmuseum !<\/p>\n<p><strong><span style=\"color: #003333;\">Es geht weiter! Und: Unsere beliebten Bastelb\u00f6gen &#8230;<br \/>\n<\/span><\/strong><\/p>\n<p><img loading=\"lazy\" decoding=\"async\" class=\" wp-image-529 alignright\" src=\"http:\/\/heimatmuseum-tersteegenhaus.de\/wp-content\/uploads\/2017\/11\/20171129_114104_004_klein-300x169.jpg\" alt=\"\" width=\"400\" height=\"230\" \/>Trotz der vorl\u00e4ufigen Schlie\u00dfung des Heimatmuseums aus Sicherheitsgr\u00fcnden wird weiter f\u00fcr die Fortf\u00fchrung des Heimatmuseums geworben.<br \/>\nW\u00e4hrend des Adventsmarktes in der M\u00fclheimer Altstadt werden an den drei Advents-Wochenenden ab 01.12. (jeweils freitags und samstags, 17-19 Uhr) Freunde und F\u00f6rderer des Heimatmuseums in einem \u201eHolzhaus\u201c gegen\u00fcber dem Tersteegenhaus f\u00fcr eine Zukunft dieses Museums werben. Dort k\u00f6nnen auch die beliebten Bastelb\u00f6gen erworben werden.<\/p>\n","protected":false},"excerpt":{"rendered":"<p>Auch im f\u00fcr das Heimatmuseum Tersteegenhaus schwierigen Jahr 2017 sind die Mitglieder und Freunde des Heimatmuseums wieder \u2013 wie in den fr\u00fcheren Jahren auch \u2013 auf dem Adventsmarkt an den drei Advents-Wochenenden (ab Freitag, 01.12.2017) pr\u00e4sent. Da das Heimatmuseum aber &hellip; <a href=\"https:\/\/heimatmuseum-tersteegenhaus.de\/?p=524\">Weiterlesen <span class=\"meta-nav\">&rarr;<\/span><\/a><\/p>\n","protected":false},"author":1,"featured_media":0,"comment_status":"open","ping_status":"open","sticky":false,"template":"","format":"standard","meta":{"footnotes":""},"categories":[1],"tags":[],"class_list":["post-524","post","type-post","status-publish","format-standard","hentry","category-allgemein"],"_links":{"self":[{"href":"https:\/\/heimatmuseum-tersteegenhaus.de\/index.php?rest_route=\/wp\/v2\/posts\/524"}],"collection":[{"href":"https:\/\/heimatmuseum-tersteegenhaus.de\/index.php?rest_route=\/wp\/v2\/posts"}],"about":[{"href":"https:\/\/heimatmuseum-tersteegenhaus.de\/index.php?rest_route=\/wp\/v2\/types\/post"}],"author":[{"embeddable":true,"href":"https:\/\/heimatmuseum-tersteegenhaus.de\/index.php?rest_route=\/wp\/v2\/users\/1"}],"replies":[{"embeddable":true,"href":"https:\/\/heimatmuseum-tersteegenhaus.de\/index.php?rest_route=%2Fwp%2Fv2%2Fcomments&post=524"}],"version-history":[{"count":4,"href":"https:\/\/heimatmuseum-tersteegenhaus.de\/index.php?rest_route=\/wp\/v2\/posts\/524\/revisions"}],"predecessor-version":[{"id":530,"href":"https:\/\/heimatmuseum-tersteegenhaus.de\/index.php?rest_route=\/wp\/v2\/posts\/524\/revisions\/530"}],"wp:attachment":[{"href":"https:\/\/heimatmuseum-tersteegenhaus.de\/index.php?rest_route=%2Fwp%2Fv2%2Fmedia&parent=524"}],"wp:term":[{"taxonomy":"category","embeddable":true,"href":"https:\/\/heimatmuseum-tersteegenhaus.de\/index.php?rest_route=%2Fwp%2Fv2%2Fcategories&post=524"},{"taxonomy":"post_tag","embeddable":true,"href":"https:\/\/heimatmuseum-tersteegenhaus.de\/index.php?rest_route=%2Fwp%2Fv2%2Ftags&post=524"}],"curies":[{"name":"wp","href":"https:\/\/api.w.org\/{rel}","templated":true}]}}