{"id":550,"date":"2018-02-27T05:54:25","date_gmt":"2018-02-27T03:54:25","guid":{"rendered":"http:\/\/heimatmuseum-tersteegenhaus.de\/?p=550"},"modified":"2018-02-27T16:45:42","modified_gmt":"2018-02-27T14:45:42","slug":"tersteegenhaus-wird-womoeglich-zerlegt","status":"publish","type":"post","link":"https:\/\/heimatmuseum-tersteegenhaus.de\/?p=550","title":{"rendered":"<span style=\"color: #003333;\">Tersteegenhaus wird  wom\u00f6glich zerlegt<span style=\"color: #003333;\">"},"content":{"rendered":"<h2><span style=\"color: #003333;\">Vollkommener Wiederaufbau eine Variante<\/span><\/h2>\n<p>Die Sch\u00e4den sind so enorm, dass die Stadtverwaltung f\u00fcr das Tersteegenhaus in der Altstadt jetzt in Erw\u00e4gung zieht, das Denkmal komplett zu zerlegen und mit allem, was an alter Bausubstanz noch brauchbar erscheint, von Neuem wieder aufzubauen.<\/p>\n<div id=\"attachment_554\" style=\"width: 302px\" class=\"wp-caption alignleft\"><img loading=\"lazy\" decoding=\"async\" aria-describedby=\"caption-attachment-554\" class=\" wp-image-554\" src=\"http:\/\/heimatmuseum-tersteegenhaus.de\/wp-content\/uploads\/2018\/02\/Baustelle-Tersteegenhaus_hgs_klein_20180227-179x300.jpg\" alt=\"\" width=\"292\" height=\"480\" \/><p id=\"caption-attachment-554\" class=\"wp-caption-text\">Baustelle Tersteegenhaus im Februar 2018 | Foto: Hg.Schiemer<\/p><\/div>\n<p>Das berichtete der K\u00e4mmerer jetzt im Stadtrat auf Anfrage von Markus P\u00fcll (CDU). Der Ab- und Wiederaufbau w\u00fcrde eine komplette Einhausung des Hauses n\u00f6tig machen, so wie sie derzeit an der alten Br\u00fccke der Rheinischen Bahn f\u00fcr den Radschnellweg zu sehen ist.<\/p>\n<p>J\u00fcngst war das Tersteegenhaus f\u00fcr akut einsturzgef\u00e4hrdet erkl\u00e4rt worden. Das alte Fachwerkgeb\u00e4ude muss abgest\u00fctzt werden. Eine Fachfirma erstellt zurzeit ein Angebot, wegen Gefahr in Verzug beginnen die Arbeiten aber schon. In K\u00fcrze soll das Haus wieder zu betreten sein. Sollte es komplett zerlegt werden, wird die Denkmalbeh\u00f6rde mitbestimmen, welche einzelnen der zwischenzulagernden Bauteile wiederverwendet werden sollen. Die Stadt rechnet damit, ein halbes Jahr f\u00fcr die \u201ebauteilscharfe Planung&#8220; zu ben\u00f6tigen. Noch einmal drei Jahre seien f\u00fcr weitere Planungen und den Bauablauf zu kalkulieren. \u201eEs ist jetzt schon abzusehen, dass mit einem finanziellen Aufwand im siebenstelligen Bereich zu rechnen ist\u201c, so Mendack.<em> (Quelle: WAZ MH 24.02.2018)<\/em><\/p>\n<p>&nbsp;<\/p>\n","protected":false},"excerpt":{"rendered":"<p>Vollkommener Wiederaufbau eine Variante Die Sch\u00e4den sind so enorm, dass die Stadtverwaltung f\u00fcr das Tersteegenhaus in der Altstadt jetzt in Erw\u00e4gung zieht, das Denkmal komplett zu zerlegen und mit allem, was an alter Bausubstanz noch brauchbar erscheint, von Neuem wieder &hellip; <a href=\"https:\/\/heimatmuseum-tersteegenhaus.de\/?p=550\">Weiterlesen <span class=\"meta-nav\">&rarr;<\/span><\/a><\/p>\n","protected":false},"author":1,"featured_media":0,"comment_status":"open","ping_status":"open","sticky":false,"template":"","format":"standard","meta":{"footnotes":""},"categories":[1],"tags":[],"class_list":["post-550","post","type-post","status-publish","format-standard","hentry","category-allgemein"],"_links":{"self":[{"href":"https:\/\/heimatmuseum-tersteegenhaus.de\/index.php?rest_route=\/wp\/v2\/posts\/550"}],"collection":[{"href":"https:\/\/heimatmuseum-tersteegenhaus.de\/index.php?rest_route=\/wp\/v2\/posts"}],"about":[{"href":"https:\/\/heimatmuseum-tersteegenhaus.de\/index.php?rest_route=\/wp\/v2\/types\/post"}],"author":[{"embeddable":true,"href":"https:\/\/heimatmuseum-tersteegenhaus.de\/index.php?rest_route=\/wp\/v2\/users\/1"}],"replies":[{"embeddable":true,"href":"https:\/\/heimatmuseum-tersteegenhaus.de\/index.php?rest_route=%2Fwp%2Fv2%2Fcomments&post=550"}],"version-history":[{"count":7,"href":"https:\/\/heimatmuseum-tersteegenhaus.de\/index.php?rest_route=\/wp\/v2\/posts\/550\/revisions"}],"predecessor-version":[{"id":558,"href":"https:\/\/heimatmuseum-tersteegenhaus.de\/index.php?rest_route=\/wp\/v2\/posts\/550\/revisions\/558"}],"wp:attachment":[{"href":"https:\/\/heimatmuseum-tersteegenhaus.de\/index.php?rest_route=%2Fwp%2Fv2%2Fmedia&parent=550"}],"wp:term":[{"taxonomy":"category","embeddable":true,"href":"https:\/\/heimatmuseum-tersteegenhaus.de\/index.php?rest_route=%2Fwp%2Fv2%2Fcategories&post=550"},{"taxonomy":"post_tag","embeddable":true,"href":"https:\/\/heimatmuseum-tersteegenhaus.de\/index.php?rest_route=%2Fwp%2Fv2%2Ftags&post=550"}],"curies":[{"name":"wp","href":"https:\/\/api.w.org\/{rel}","templated":true}]}}