{"id":732,"date":"2021-03-30T19:03:54","date_gmt":"2021-03-30T17:03:54","guid":{"rendered":"https:\/\/heimatmuseum-tersteegenhaus.de\/?p=732"},"modified":"2021-03-30T19:08:28","modified_gmt":"2021-03-30T17:08:28","slug":"denkmalfoerderprogramm-2021-fuer-tersteegenhaus-aufbauende-nachrichten-aus-duesseldorf","status":"publish","type":"post","link":"https:\/\/heimatmuseum-tersteegenhaus.de\/?p=732","title":{"rendered":"<span style=\"color: #003333;\">Denkmalf\u00f6rderprogramm 2021 f\u00fcr Tersteegenhaus:  \u201eAufbauende\u201c Nachrichten aus D\u00fcsseldorf<span style=\"color: #003333;\">"},"content":{"rendered":"<p><strong>M\u00fclheim an der Ruhr |<\/strong> Das Kommunal- und Heimatministerium des Landes NRW hat Anfang dieser Woche allen Heimatfreunden in M\u00fclheim an der Ruhr die \u201eaufbauende\u201c Nachricht \u00fcbermittelt, dass weitere \u00fcber 299.000 Euro aus dem Denkmalf\u00f6rderprogramm 2021 des Landes NRW zur stufenweisen Sanierung und zum Erhalt des in der M\u00fclheimer Altstadt beheimateten Heimatmuseums Tersteegenhaus in M\u00fclheim an der Ruhr bereit gestellt werden.<\/p>\n<p><img loading=\"lazy\" decoding=\"async\" class=\"size-full wp-image-734 alignleft\" src=\"https:\/\/heimatmuseum-tersteegenhaus.de\/wp-content\/uploads\/2021\/03\/pull_2014.jpg\" alt=\"\" width=\"146\" height=\"160\" srcset=\"https:\/\/heimatmuseum-tersteegenhaus.de\/wp-content\/uploads\/2021\/03\/pull_2014.jpg 146w, https:\/\/heimatmuseum-tersteegenhaus.de\/wp-content\/uploads\/2021\/03\/pull_2014-137x150.jpg 137w\" sizes=\"(max-width: 146px) 100vw, 146px\" \/>B\u00fcrgermeister Markus P\u00fcll, Vorsitzender des Freundes- und F\u00f6rderkreises Heimat-museum Tersteegenhaus: \u201eNat\u00fcrlich freuen wir uns und wir sind sehr dankbar, dass just zum 10. Geburtstag unseres Freundes- und F\u00f6rderkreises \u2013 er wurde Anfang Mai 2011 von zahlreichen Heimatfreunden zur langfristigen Sicherung des Heimatmuseums gegr\u00fcndet \u2013 ein ordentliches Geburtstagsgeschenk vom NRW-Kommunal- und Heimatministerium \u00fcberreicht wird. Es macht angesichts der 2017 \u00fcberraschend festgestellten Einsturzgefahr des Tersteegenhauses wieder etwas mehr Mut, dieses millionenschwere Sanierungsprojekt f\u00fcr das \u00fcber 500 Jahre alte denkmalgesch\u00fctzte und damit \u00e4lteste M\u00fclheimer Geb\u00e4ude durchzustehen und zu einem guten Ende zu bringen! Es ist einmal mehr ein gutes Signal der NRW-Landesregierung, dass diesem f\u00fcr alle Beteiligten herausfordernden Denkmalpflegeprojekt Tersteegenhaus eine Zukunftsperspektive vermittelt wird.\u201c <em>(Hansgeorg Schiemer)<\/em><\/p>\n","protected":false},"excerpt":{"rendered":"<p>M\u00fclheim an der Ruhr | Das Kommunal- und Heimatministerium des Landes NRW hat Anfang dieser Woche allen Heimatfreunden in M\u00fclheim an der Ruhr die \u201eaufbauende\u201c Nachricht \u00fcbermittelt, dass weitere \u00fcber 299.000 Euro aus dem Denkmalf\u00f6rderprogramm 2021 des Landes NRW zur &hellip; <a href=\"https:\/\/heimatmuseum-tersteegenhaus.de\/?p=732\">Weiterlesen <span class=\"meta-nav\">&rarr;<\/span><\/a><\/p>\n","protected":false},"author":1,"featured_media":0,"comment_status":"open","ping_status":"open","sticky":false,"template":"","format":"standard","meta":{"footnotes":""},"categories":[1],"tags":[],"class_list":["post-732","post","type-post","status-publish","format-standard","hentry","category-allgemein"],"_links":{"self":[{"href":"https:\/\/heimatmuseum-tersteegenhaus.de\/index.php?rest_route=\/wp\/v2\/posts\/732"}],"collection":[{"href":"https:\/\/heimatmuseum-tersteegenhaus.de\/index.php?rest_route=\/wp\/v2\/posts"}],"about":[{"href":"https:\/\/heimatmuseum-tersteegenhaus.de\/index.php?rest_route=\/wp\/v2\/types\/post"}],"author":[{"embeddable":true,"href":"https:\/\/heimatmuseum-tersteegenhaus.de\/index.php?rest_route=\/wp\/v2\/users\/1"}],"replies":[{"embeddable":true,"href":"https:\/\/heimatmuseum-tersteegenhaus.de\/index.php?rest_route=%2Fwp%2Fv2%2Fcomments&post=732"}],"version-history":[{"count":2,"href":"https:\/\/heimatmuseum-tersteegenhaus.de\/index.php?rest_route=\/wp\/v2\/posts\/732\/revisions"}],"predecessor-version":[{"id":735,"href":"https:\/\/heimatmuseum-tersteegenhaus.de\/index.php?rest_route=\/wp\/v2\/posts\/732\/revisions\/735"}],"wp:attachment":[{"href":"https:\/\/heimatmuseum-tersteegenhaus.de\/index.php?rest_route=%2Fwp%2Fv2%2Fmedia&parent=732"}],"wp:term":[{"taxonomy":"category","embeddable":true,"href":"https:\/\/heimatmuseum-tersteegenhaus.de\/index.php?rest_route=%2Fwp%2Fv2%2Fcategories&post=732"},{"taxonomy":"post_tag","embeddable":true,"href":"https:\/\/heimatmuseum-tersteegenhaus.de\/index.php?rest_route=%2Fwp%2Fv2%2Ftags&post=732"}],"curies":[{"name":"wp","href":"https:\/\/api.w.org\/{rel}","templated":true}]}}