{"id":745,"date":"2020-03-05T22:41:26","date_gmt":"2020-03-05T20:41:26","guid":{"rendered":"https:\/\/heimatmuseum-tersteegenhaus.de\/?p=745"},"modified":"2021-04-05T22:42:34","modified_gmt":"2021-04-05T20:42:34","slug":"hinweis-absage-unserer-jahreshauptversammlung-am-30-03-2020","status":"publish","type":"post","link":"https:\/\/heimatmuseum-tersteegenhaus.de\/?p=745","title":{"rendered":"<span style=\"color: #003333;\">Hinweis: ABSAGE unserer Jahreshauptversammlung am 30.03.2020 !<span style=\"color: #003333;\">"},"content":{"rendered":"<div>Liebe Mitglieder und Heimatfreunde,<\/div>\n<div><\/div>\n<div>aufgrund der aktuellen Entwicklungen in der Corona-\/Covid 19-Pandemie hat der Vorstand des Freundes- und F\u00f6rderkreises Heimatmuseum Tersteegenhaus entschieden, die f\u00fcr Montag, 30. M\u00e4rz 2020 geplante Jahreshauptversammlung im Petrikirchenhaus abzusagen.<\/div>\n<div>Wir bitten um Verst\u00e4ndnis f\u00fcr diese Entscheidung !<\/div>\n<div>Bleiben Sie uns gesund !<\/div>\n<div><\/div>\n<div>Mit heimatfreundlichen Gr\u00fc\u00dfen<\/div>\n<div><\/div>\n<div>gez. Markus P\u00fcll (Vorsitzender) und Hansgeorg Schiemer (Gesch\u00e4ftsf\u00fchrer)<\/div>\n","protected":false},"excerpt":{"rendered":"<p>Liebe Mitglieder und Heimatfreunde, aufgrund der aktuellen Entwicklungen in der Corona-\/Covid 19-Pandemie hat der Vorstand des Freundes- und F\u00f6rderkreises Heimatmuseum Tersteegenhaus entschieden, die f\u00fcr Montag, 30. M\u00e4rz 2020 geplante Jahreshauptversammlung im Petrikirchenhaus abzusagen. Wir bitten um Verst\u00e4ndnis f\u00fcr diese Entscheidung &hellip; <a href=\"https:\/\/heimatmuseum-tersteegenhaus.de\/?p=745\">Weiterlesen <span class=\"meta-nav\">&rarr;<\/span><\/a><\/p>\n","protected":false},"author":1,"featured_media":0,"comment_status":"open","ping_status":"open","sticky":false,"template":"","format":"standard","meta":{"footnotes":""},"categories":[1,4],"tags":[],"class_list":["post-745","post","type-post","status-publish","format-standard","hentry","category-allgemein","category-nachrichten"],"_links":{"self":[{"href":"https:\/\/heimatmuseum-tersteegenhaus.de\/index.php?rest_route=\/wp\/v2\/posts\/745"}],"collection":[{"href":"https:\/\/heimatmuseum-tersteegenhaus.de\/index.php?rest_route=\/wp\/v2\/posts"}],"about":[{"href":"https:\/\/heimatmuseum-tersteegenhaus.de\/index.php?rest_route=\/wp\/v2\/types\/post"}],"author":[{"embeddable":true,"href":"https:\/\/heimatmuseum-tersteegenhaus.de\/index.php?rest_route=\/wp\/v2\/users\/1"}],"replies":[{"embeddable":true,"href":"https:\/\/heimatmuseum-tersteegenhaus.de\/index.php?rest_route=%2Fwp%2Fv2%2Fcomments&post=745"}],"version-history":[{"count":1,"href":"https:\/\/heimatmuseum-tersteegenhaus.de\/index.php?rest_route=\/wp\/v2\/posts\/745\/revisions"}],"predecessor-version":[{"id":746,"href":"https:\/\/heimatmuseum-tersteegenhaus.de\/index.php?rest_route=\/wp\/v2\/posts\/745\/revisions\/746"}],"wp:attachment":[{"href":"https:\/\/heimatmuseum-tersteegenhaus.de\/index.php?rest_route=%2Fwp%2Fv2%2Fmedia&parent=745"}],"wp:term":[{"taxonomy":"category","embeddable":true,"href":"https:\/\/heimatmuseum-tersteegenhaus.de\/index.php?rest_route=%2Fwp%2Fv2%2Fcategories&post=745"},{"taxonomy":"post_tag","embeddable":true,"href":"https:\/\/heimatmuseum-tersteegenhaus.de\/index.php?rest_route=%2Fwp%2Fv2%2Ftags&post=745"}],"curies":[{"name":"wp","href":"https:\/\/api.w.org\/{rel}","templated":true}]}}