{"id":752,"date":"2021-08-11T12:43:26","date_gmt":"2021-08-11T10:43:26","guid":{"rendered":"https:\/\/heimatmuseum-tersteegenhaus.de\/?p=752"},"modified":"2021-08-11T14:49:09","modified_gmt":"2021-08-11T12:49:09","slug":"sanierung-des-tersteegenhauses-endlich-das-stuetzkorsett-abgebaut","status":"publish","type":"post","link":"https:\/\/heimatmuseum-tersteegenhaus.de\/?p=752","title":{"rendered":"<span style=\"color: #003333;\">Sanierung des Tersteegenhauses: Endlich das St\u00fctzkorsett abgebaut<span style=\"color: #003333;\">"},"content":{"rendered":"<p>Gute Nachrichten f\u00fcr das Sanierungsprojekt Tersteegenhaus: Mitte Juli war es endlich so weit, das seit \u00fcber vier Jahren bestehende monstr\u00f6se St\u00fctzkorsett f\u00fcr das denkmalgesch\u00fctzte und \u00e4lteste Geb\u00e4ude auf dem M\u00fclheimer Kirchenh\u00fcgel konnte abgebaut und durch ein smartes Bauger\u00fcst ersetzt werden. Das wurde erst m\u00f6glich, weil im ersten Sanierungsabschnitt das innere St\u00fctzger\u00fcst aus Holzbalken vom Holzschwamm befreit und f\u00fcr die Stabilit\u00e4t dieses \u00fcber 500 Jahre alten Geb\u00e4udes wichtige Holzbalken runderneuert wurden. Der Austausch weiterer Bauteile l\u00e4uft derzeit.<\/p>\n<div id=\"attachment_755\" style=\"width: 385px\" class=\"wp-caption alignleft\"><img loading=\"lazy\" decoding=\"async\" aria-describedby=\"caption-attachment-755\" class=\"wp-image-755\" src=\"https:\/\/heimatmuseum-tersteegenhaus.de\/wp-content\/uploads\/2021\/08\/20210804_171603_klein_20210804_1-300x225.jpg\" alt=\"\" width=\"375\" height=\"285\" \/><p id=\"caption-attachment-755\" class=\"wp-caption-text\">Blick auf Sanierungsprojekt Tersteegenhaus in M\u00fclheim an der Ruhr, jetzt in einem smarten Bauger\u00fcst &#8211; Foto: Hg. Schiemer, August 2021<\/p><\/div>\n<p>Markus P\u00fcll, Vorsitzender des Freundes- und F\u00f6rderkreises Heimatmuseum: &#8222;Dank massiver finanzieller Unterst\u00fctzung des Bundes und des Landes NRW, insbesondere im Rahmen der Denkmalf\u00f6rderung, ist mit dem Abbau des St\u00fctzger\u00fcstes ein sichtbares und kr\u00e4ftiges Zeichen der Hoffnung gesetzt worden. Auf einer langen Marathonstrecke ist der Abschluss der aufw\u00e4ndigen und auch technisch herausfordernden Sanierung bis 2024 n\u00e4her ger\u00fcckt. Wir vom F\u00f6rderkreis sind zuversichtlich, danach das neu gestaltete Heimatmuseum, das seit \u00fcber 70 Jahren im Tersteegenhaus beheimatet ist, wieder der interessierten \u00d6ffentlichkeit zug\u00e4nglich zu machen.&#8220;<\/p>\n","protected":false},"excerpt":{"rendered":"<p>Gute Nachrichten f\u00fcr das Sanierungsprojekt Tersteegenhaus: Mitte Juli war es endlich so weit, das seit \u00fcber vier Jahren bestehende monstr\u00f6se St\u00fctzkorsett f\u00fcr das denkmalgesch\u00fctzte und \u00e4lteste Geb\u00e4ude auf dem M\u00fclheimer Kirchenh\u00fcgel konnte abgebaut und durch ein smartes Bauger\u00fcst ersetzt werden. &hellip; <a href=\"https:\/\/heimatmuseum-tersteegenhaus.de\/?p=752\">Weiterlesen <span class=\"meta-nav\">&rarr;<\/span><\/a><\/p>\n","protected":false},"author":1,"featured_media":0,"comment_status":"open","ping_status":"open","sticky":false,"template":"","format":"standard","meta":{"footnotes":""},"categories":[1],"tags":[],"class_list":["post-752","post","type-post","status-publish","format-standard","hentry","category-allgemein"],"_links":{"self":[{"href":"https:\/\/heimatmuseum-tersteegenhaus.de\/index.php?rest_route=\/wp\/v2\/posts\/752"}],"collection":[{"href":"https:\/\/heimatmuseum-tersteegenhaus.de\/index.php?rest_route=\/wp\/v2\/posts"}],"about":[{"href":"https:\/\/heimatmuseum-tersteegenhaus.de\/index.php?rest_route=\/wp\/v2\/types\/post"}],"author":[{"embeddable":true,"href":"https:\/\/heimatmuseum-tersteegenhaus.de\/index.php?rest_route=\/wp\/v2\/users\/1"}],"replies":[{"embeddable":true,"href":"https:\/\/heimatmuseum-tersteegenhaus.de\/index.php?rest_route=%2Fwp%2Fv2%2Fcomments&post=752"}],"version-history":[{"count":5,"href":"https:\/\/heimatmuseum-tersteegenhaus.de\/index.php?rest_route=\/wp\/v2\/posts\/752\/revisions"}],"predecessor-version":[{"id":761,"href":"https:\/\/heimatmuseum-tersteegenhaus.de\/index.php?rest_route=\/wp\/v2\/posts\/752\/revisions\/761"}],"wp:attachment":[{"href":"https:\/\/heimatmuseum-tersteegenhaus.de\/index.php?rest_route=%2Fwp%2Fv2%2Fmedia&parent=752"}],"wp:term":[{"taxonomy":"category","embeddable":true,"href":"https:\/\/heimatmuseum-tersteegenhaus.de\/index.php?rest_route=%2Fwp%2Fv2%2Fcategories&post=752"},{"taxonomy":"post_tag","embeddable":true,"href":"https:\/\/heimatmuseum-tersteegenhaus.de\/index.php?rest_route=%2Fwp%2Fv2%2Ftags&post=752"}],"curies":[{"name":"wp","href":"https:\/\/api.w.org\/{rel}","templated":true}]}}