{"id":792,"date":"2021-11-23T01:26:12","date_gmt":"2021-11-22T23:26:12","guid":{"rendered":"https:\/\/heimatmuseum-tersteegenhaus.de\/?p=792"},"modified":"2021-11-23T01:32:05","modified_gmt":"2021-11-22T23:32:05","slug":"jahreshauptversammlung-2021-mit-vorstandsneuwahl","status":"publish","type":"post","link":"https:\/\/heimatmuseum-tersteegenhaus.de\/?p=792","title":{"rendered":"Jahreshauptversammlung 2021 mit Vorstandsneuwahl"},"content":{"rendered":"\n<p>Im &#8222;Exil-Ort&#8220; Petrikirchenhaus fand die diesj\u00e4hrige Jahreshauptversammlung des Freundes- und F\u00f6rderkreises Heimatmuseum Tersteegenhaus statt.<\/p>\n\n\n\n<p>Bei der Vorstandsneuwahl wurde unter gro\u00dfer Mitgliederbeteiligung einstimmig B\u00fcrgermeister Markus P\u00fcll als Vorsitzender f\u00fcr weitere drei Jahre wiedergew\u00e4hlt.<br>Die ehemalige Stadtverordnete Elke Wiskandt und der Bezirksvertreter Hansgeorg Schiemer wurden ebenfalls einstimmig als stellvertretende Vorsitzende bzw. Schatzmeister in ihren \u00c4mtern best\u00e4tigt. Neu im Vorstand ist Harry Helming-Arnold, der Mitorganisator des ersten Tersteegenmarktes 2019 in der und rund um die Petrikrche auf dem Kirchenh\u00fcgel. Er \u00fcbernimmt die Vereinsgesch\u00e4ftsf\u00fchrung. Die Verbundenheit mit den Partnern des Freundes- und F\u00f6rderkreises dokumentieren die gew\u00e4hlten Vorstandsmitglieder Helmut Hartmann (B\u00fcrgergesellschaft Mausefalle), Wilhelm von Gehlen (Geschichtsverein M\u00fclheim an der Ruhr) und Dr. Stefan P\u00e4tzold (Stadtarchiv).<br>In einem Impulsvortrag der Projektleiterin Hatice Sezen vom st\u00e4dtischen ImmobilienService wurden die weiteren Schritte zur umfangreichen Sanierung des denkmalgesch\u00fctzten und \u00fcber 500 Jahre alten Tersteegenhauses ausf\u00fchrlich erl\u00e4utert. Mut macht dabei, dass der erste Bauabschnitt im Laufe des Jahres 2022 &#8211; auch mit dem Abbau des jetzigen &#8222;Smart&#8220;-Ger\u00fcsts &#8211; erfolgen wird.<\/p>\n\n\n\n<p>Der F\u00f6rderkreis-Vorsitzende Markus P\u00fcll bekr\u00e4ftigte das Ziel, das herausfordernde Sanierungsvorhaben Tersteegenhaus in den n\u00e4chsten Jahren zu beenden, weiter energisch und engagiert zu unterst\u00fctzen.<\/p>\n\n\n\n<div class=\"wp-block-image\"><figure class=\"alignleft\"><img loading=\"lazy\" decoding=\"async\" width=\"1024\" height=\"768\" src=\"https:\/\/heimatmuseum-tersteegenhaus.de\/wp-content\/uploads\/2021\/08\/20210804_171303_klein_20210804_2-1024x768.jpg\" alt=\"\" class=\"wp-image-754\" srcset=\"https:\/\/heimatmuseum-tersteegenhaus.de\/wp-content\/uploads\/2021\/08\/20210804_171303_klein_20210804_2-1024x768.jpg 1024w, https:\/\/heimatmuseum-tersteegenhaus.de\/wp-content\/uploads\/2021\/08\/20210804_171303_klein_20210804_2-150x113.jpg 150w, https:\/\/heimatmuseum-tersteegenhaus.de\/wp-content\/uploads\/2021\/08\/20210804_171303_klein_20210804_2-300x225.jpg 300w, https:\/\/heimatmuseum-tersteegenhaus.de\/wp-content\/uploads\/2021\/08\/20210804_171303_klein_20210804_2-768x576.jpg 768w, https:\/\/heimatmuseum-tersteegenhaus.de\/wp-content\/uploads\/2021\/08\/20210804_171303_klein_20210804_2-400x300.jpg 400w, https:\/\/heimatmuseum-tersteegenhaus.de\/wp-content\/uploads\/2021\/08\/20210804_171303_klein_20210804_2.jpg 1200w\" sizes=\"(max-width: 1024px) 100vw, 1024px\" \/><\/figure><\/div>\n\n\n\n<figure class=\"wp-block-gallery columns-0 is-cropped wp-block-gallery-1 is-layout-flex wp-block-gallery-is-layout-flex\"><ul class=\"blocks-gallery-grid\"><\/ul><\/figure>\n","protected":false},"excerpt":{"rendered":"<p>Im &#8222;Exil-Ort&#8220; Petrikirchenhaus fand die diesj\u00e4hrige Jahreshauptversammlung des Freundes- und F\u00f6rderkreises Heimatmuseum Tersteegenhaus statt. Bei der Vorstandsneuwahl wurde unter gro\u00dfer Mitgliederbeteiligung einstimmig B\u00fcrgermeister Markus P\u00fcll als Vorsitzender f\u00fcr weitere drei Jahre wiedergew\u00e4hlt.Die ehemalige Stadtverordnete Elke Wiskandt und der Bezirksvertreter Hansgeorg &hellip; <a href=\"https:\/\/heimatmuseum-tersteegenhaus.de\/?p=792\">Weiterlesen <span class=\"meta-nav\">&rarr;<\/span><\/a><\/p>\n","protected":false},"author":1,"featured_media":0,"comment_status":"open","ping_status":"open","sticky":false,"template":"","format":"standard","meta":{"footnotes":""},"categories":[1],"tags":[],"class_list":["post-792","post","type-post","status-publish","format-standard","hentry","category-allgemein"],"_links":{"self":[{"href":"https:\/\/heimatmuseum-tersteegenhaus.de\/index.php?rest_route=\/wp\/v2\/posts\/792"}],"collection":[{"href":"https:\/\/heimatmuseum-tersteegenhaus.de\/index.php?rest_route=\/wp\/v2\/posts"}],"about":[{"href":"https:\/\/heimatmuseum-tersteegenhaus.de\/index.php?rest_route=\/wp\/v2\/types\/post"}],"author":[{"embeddable":true,"href":"https:\/\/heimatmuseum-tersteegenhaus.de\/index.php?rest_route=\/wp\/v2\/users\/1"}],"replies":[{"embeddable":true,"href":"https:\/\/heimatmuseum-tersteegenhaus.de\/index.php?rest_route=%2Fwp%2Fv2%2Fcomments&post=792"}],"version-history":[{"count":4,"href":"https:\/\/heimatmuseum-tersteegenhaus.de\/index.php?rest_route=\/wp\/v2\/posts\/792\/revisions"}],"predecessor-version":[{"id":798,"href":"https:\/\/heimatmuseum-tersteegenhaus.de\/index.php?rest_route=\/wp\/v2\/posts\/792\/revisions\/798"}],"wp:attachment":[{"href":"https:\/\/heimatmuseum-tersteegenhaus.de\/index.php?rest_route=%2Fwp%2Fv2%2Fmedia&parent=792"}],"wp:term":[{"taxonomy":"category","embeddable":true,"href":"https:\/\/heimatmuseum-tersteegenhaus.de\/index.php?rest_route=%2Fwp%2Fv2%2Fcategories&post=792"},{"taxonomy":"post_tag","embeddable":true,"href":"https:\/\/heimatmuseum-tersteegenhaus.de\/index.php?rest_route=%2Fwp%2Fv2%2Ftags&post=792"}],"curies":[{"name":"wp","href":"https:\/\/api.w.org\/{rel}","templated":true}]}}