{"id":927,"date":"2024-10-30T05:40:26","date_gmt":"2024-10-30T03:40:26","guid":{"rendered":"https:\/\/heimatmuseum-tersteegenhaus.de\/?p=927"},"modified":"2024-10-30T05:42:44","modified_gmt":"2024-10-30T03:42:44","slug":"mitgliederversammlung-im-petrikirchenhaus-aktueller-planungsstand-zur-sanierung-des-tersteegenhauses-praesentiert","status":"publish","type":"post","link":"https:\/\/heimatmuseum-tersteegenhaus.de\/?p=927","title":{"rendered":"Mitgliederversammlung im Petrikirchenhaus: Aktueller Planungsstand zur Sanierung des Tersteegenhauses pr\u00e4sentiert"},"content":{"rendered":"\n<p>Der Vorsitzende des Freundes- und F\u00f6rderkreises Heimatmuseum Tersteeegenhaus e.V., B\u00fcrgermeister Markus P\u00fcll, konnte als Gastreferentin Susanne Ehmanns, Leiterin des st\u00e4dtischen ImmobilienService, herzlich begr\u00fc\u00dfen. Sie erl\u00e4uterte den aktuellen Stand der umfangreichen Planungen f\u00fcr die Sanierung und den Wiederaufbau des fast 500 Jahre alten, denkmalgesch\u00fctzten Heimatmuseums Tersteegenhaus auf dem Kirchenh\u00fcgel. Am Ende dieses Planungsprozesses und einem Sanierungsvolumen von fast 5 Mio. \u20ac wird dann Ende 2027 nicht nur wieder eine &#8222;schmucke Kulturperle&#8220; in der M\u00fclheimer Altstadt zu finden sein. Mit der Ratsentscheidung am 10. Oktober d.J. wird zun\u00e4chst der erste Teil des zweiten Bauabschnitts realisiert, mit dem dank der bisherigen Bundes- und Landeszusch\u00fcsse die Bausubstanz des Altbaus abgesichert und die Geb\u00e4udeh\u00fclle &#8222;winter- und wetterfest&#8220; gemacht wird. Frau Ehmanns nutzte die Gelegenheit, auch ausf\u00fchrlich die Pl\u00e4ne f\u00fcr die Gr\u00fcngestaltung in der unmittelbaren Nachbarschaft des Tersteegenhauses f\u00fcr die nahe Zukunft vorzustellen.<\/p>\n\n\n\n<p>Der zweite Teil der Mitgliederversammlung diente dazu, den Vorstand des Freundes- und F\u00f6rderkreises Heimatmuseum Tersteegenhaus wieder zu komplettieren. Harry Helming-Arnold wurde wie Ben Grewe einstimmig zum neuen stellv. Vorsitzenden bzw. Gesch\u00e4ftsf\u00fchrer gew\u00e4hlt. Die Wahl von Ben Grewe ist nicht nur als &#8222;Signal der Verj\u00fcngung&#8220; des Vorstandes, sondern auch als erster Beleg f\u00fcr den personellen Erfolg zur Fortf\u00fchrung des Projektes &#8222;Heimatmuseum der Generationen&#8220; zu verstehen, freut sich der F\u00f6rderkreis-Vorsitzende Markus P\u00fcll.<\/p>\n\n\n\n<p>Harry Helming-Arnold stellte abschlie\u00dfend die Planungen f\u00fcr den f\u00fcr das zweite Advents-Wochenende 07.\/08.12. vorgesehenen 3. Tersteegenmarkt vor. Er wird vor der Petrikirche und in Partnerschaft mit dem traditionellen Adventsmarkt in der M\u00fclheimer Altstadt organisiert.<\/p>\n","protected":false},"excerpt":{"rendered":"<p>Der Vorsitzende des Freundes- und F\u00f6rderkreises Heimatmuseum Tersteeegenhaus e.V., B\u00fcrgermeister Markus P\u00fcll, konnte als Gastreferentin Susanne Ehmanns, Leiterin des st\u00e4dtischen ImmobilienService, herzlich begr\u00fc\u00dfen. Sie erl\u00e4uterte den aktuellen Stand der umfangreichen Planungen f\u00fcr die Sanierung und den Wiederaufbau des fast 500 &hellip; <a href=\"https:\/\/heimatmuseum-tersteegenhaus.de\/?p=927\">Weiterlesen <span class=\"meta-nav\">&rarr;<\/span><\/a><\/p>\n","protected":false},"author":1,"featured_media":0,"comment_status":"open","ping_status":"open","sticky":false,"template":"","format":"standard","meta":{"footnotes":""},"categories":[4],"tags":[],"class_list":["post-927","post","type-post","status-publish","format-standard","hentry","category-nachrichten"],"_links":{"self":[{"href":"https:\/\/heimatmuseum-tersteegenhaus.de\/index.php?rest_route=\/wp\/v2\/posts\/927"}],"collection":[{"href":"https:\/\/heimatmuseum-tersteegenhaus.de\/index.php?rest_route=\/wp\/v2\/posts"}],"about":[{"href":"https:\/\/heimatmuseum-tersteegenhaus.de\/index.php?rest_route=\/wp\/v2\/types\/post"}],"author":[{"embeddable":true,"href":"https:\/\/heimatmuseum-tersteegenhaus.de\/index.php?rest_route=\/wp\/v2\/users\/1"}],"replies":[{"embeddable":true,"href":"https:\/\/heimatmuseum-tersteegenhaus.de\/index.php?rest_route=%2Fwp%2Fv2%2Fcomments&post=927"}],"version-history":[{"count":1,"href":"https:\/\/heimatmuseum-tersteegenhaus.de\/index.php?rest_route=\/wp\/v2\/posts\/927\/revisions"}],"predecessor-version":[{"id":928,"href":"https:\/\/heimatmuseum-tersteegenhaus.de\/index.php?rest_route=\/wp\/v2\/posts\/927\/revisions\/928"}],"wp:attachment":[{"href":"https:\/\/heimatmuseum-tersteegenhaus.de\/index.php?rest_route=%2Fwp%2Fv2%2Fmedia&parent=927"}],"wp:term":[{"taxonomy":"category","embeddable":true,"href":"https:\/\/heimatmuseum-tersteegenhaus.de\/index.php?rest_route=%2Fwp%2Fv2%2Fcategories&post=927"},{"taxonomy":"post_tag","embeddable":true,"href":"https:\/\/heimatmuseum-tersteegenhaus.de\/index.php?rest_route=%2Fwp%2Fv2%2Ftags&post=927"}],"curies":[{"name":"wp","href":"https:\/\/api.w.org\/{rel}","templated":true}]}}